{"id":1168705,"date":"2026-09-05T10:24:19","date_gmt":"2026-09-05T10:24:19","guid":{"rendered":"https:\/\/www.europesays.com\/fr\/1168705\/"},"modified":"2026-09-05T10:24:19","modified_gmt":"2026-09-05T10:24:19","slug":"saintes-bordeaux-sur-quelle-chaine-et-comment-voir-le-premier-match-des-girondins","status":"publish","type":"post","link":"https:\/\/www.europesays.com\/fr\/1168705\/","title":{"rendered":"Saintes-Bordeaux : sur quelle cha\u00eene et comment voir le premier match des Girondins ?"},"content":{"rendered":"<p><img decoding=\"async\" src=\"https:\/\/www.europesays.com\/fr\/wp-content\/uploads\/2025\/08\/671_4f675f2a275942bc173ef80e3b72ea2d.jpg\" alt=\"Saintes-Bordeaux : sur quelle cha\u00eene et comment voir le premier match des Girondins ?\" class=\"img-responsive mt-3\"\/><\/p>\n<p class=\"text-center mb-3\" style=\"font-size: 14px\">\u00a9 Iconsport<\/p>\n<p>      <strong>Saintes-Bordeaux : aucune diffusion vid\u00e9o annonc\u00e9e pour le moment<\/strong><\/p>\n<p style=\"text-align: justify;\">Les Girondins de Bordeaux vont enfin retrouver la comp\u00e9tition. Bordeaux disputera son premier match officiel de la saison samedi 12 septembre, avec un d\u00e9placement sur la pelouse de l&rsquo;ES Saintes Football pour le <a href=\"https:\/\/www.webgirondins.com\/actualite-autour-des-girondins-coupe-de-france-le-tirage-complet-du-3e-tour-en-nouvelle-aquitaine-134400\" target=\"_blank\" rel=\"noopener nofollow\">troisi\u00e8me tour de la Coupe de France<\/a>.<\/p>\n<p style=\"text-align: justify;\">Pour cette rencontre qui se joue \u00e0 Saintes au stade Yvon Chevalier, aucun diffuseur ne s&rsquo;est positionn\u00e9 pour l&rsquo;instant. L&rsquo;enceinte charentaise peut accueillir 1200 personnes environ.<\/p>\n<p style=\"text-align: justify;\">Une question se pose d\u00e9j\u00e0 pour les nombreux supporters qui ne pourront pas effectuer le d\u00e9placement : sera-t-il possible de regarder Saintes-Bordeaux \u00e0 la t\u00e9l\u00e9vision ou sur Internet ?<\/p>\n<p style=\"text-align: justify;\">Au moment o\u00f9 nous \u00e9crivons ces lignes, les supporters bordelais devront se d\u00e9placer s&rsquo;ils veulent voir la premi\u00e8re rencontre officielle de la saison.<\/p>\n<p style=\"text-align: justify;\">Nous vous tiendrons inform\u00e9 si un diffuseur vid\u00e9o se d\u00e9clare d&rsquo;ici le 12 septembre.<\/p>\n<p>&#8211; \u00c0 lire : <strong><a href=\"https:\/\/www.webgirondins.com\/actualite-girondins-girondins-pourquoi-bordeaux-pourrait-avoir-un-passe-droit-florian-gautreau-tranche-134425\" target=\"_blank\" rel=\"noopener nofollow\">Pourquoi Bordeaux pourrait avoir un passe-droit ?\u00a0\u00bb, Florian Gautreau tranche<\/a><\/strong><\/p>\n<p>\u00a0<\/p>\n<p>\u00a0<\/p>\n","protected":false},"excerpt":{"rendered":"\u00a9 Iconsport Saintes-Bordeaux : aucune diffusion vid\u00e9o annonc\u00e9e pour le moment Les Girondins de Bordeaux vont enfin retrouver&hellip;\n","protected":false},"author":2,"featured_media":333091,"comment_status":"","ping_status":"","sticky":false,"template":"","format":"standard","meta":{"footnotes":"","_share_on_mastodon":"0"},"categories":[2817],"tags":[1111,11,3396,1997,3839,20,615,116933,11925,1777,674,1011,27,1987,3289,955,12,2219,3986,471,7910,3837,25,93295,3242,3982,395,3584,33762,3840],"class_list":["post-1168705","post","type-post","status-publish","format-standard","has-post-thumbnail","category-bordeaux","tag-actu","tag-actualites","tag-avec","tag-bordeaux","tag-chaine","tag-comment","tag-coupe","tag-debuteront","tag-deplacement","tag-eu","tag-europe","tag-fr","tag-france","tag-girondins","tag-leur","tag-match","tag-news","tag-nouvelle-aquitaine","tag-officielle","tag-pour","tag-premier","tag-quelle","tag-republique-francaise","tag-saintes","tag-saison","tag-samedi","tag-septembre","tag-tour","tag-troisieme","tag-voir"],"share_on_mastodon":{"url":"","error":""},"_links":{"self":[{"href":"https:\/\/www.europesays.com\/fr\/wp-json\/wp\/v2\/posts\/1168705","targetHints":{"allow":["GET"]}}],"collection":[{"href":"https:\/\/www.europesays.com\/fr\/wp-json\/wp\/v2\/posts"}],"about":[{"href":"https:\/\/www.europesays.com\/fr\/wp-json\/wp\/v2\/types\/post"}],"author":[{"embeddable":true,"href":"https:\/\/www.europesays.com\/fr\/wp-json\/wp\/v2\/users\/2"}],"replies":[{"embeddable":true,"href":"https:\/\/www.europesays.com\/fr\/wp-json\/wp\/v2\/comments?post=1168705"}],"version-history":[{"count":0,"href":"https:\/\/www.europesays.com\/fr\/wp-json\/wp\/v2\/posts\/1168705\/revisions"}],"wp:featuredmedia":[{"embeddable":true,"href":"https:\/\/www.europesays.com\/fr\/wp-json\/wp\/v2\/media\/333091"}],"wp:attachment":[{"href":"https:\/\/www.europesays.com\/fr\/wp-json\/wp\/v2\/media?parent=1168705"}],"wp:term":[{"taxonomy":"category","embeddable":true,"href":"https:\/\/www.europesays.com\/fr\/wp-json\/wp\/v2\/categories?post=1168705"},{"taxonomy":"post_tag","embeddable":true,"href":"https:\/\/www.europesays.com\/fr\/wp-json\/wp\/v2\/tags?post=1168705"}],"curies":[{"name":"wp","href":"https:\/\/api.w.org\/{rel}","templated":true}]}}