{"id":1168728,"date":"2026-09-05T10:41:14","date_gmt":"2026-09-05T10:41:14","guid":{"rendered":"https:\/\/www.europesays.com\/fr\/1168728\/"},"modified":"2026-09-05T10:41:14","modified_gmt":"2026-09-05T10:41:14","slug":"paris-je-ne-suis-pas-partie-cet-ete-cette-fan-depense-900-euros-de-goodies-a-la-boutique-celine-dion","status":"publish","type":"post","link":"https:\/\/www.europesays.com\/fr\/1168728\/","title":{"rendered":"Paris. \u00ab Je ne suis pas partie cet \u00e9t\u00e9 \u00bb : cette fan d\u00e9pense 900 euros de goodies \u00e0 la boutique C\u00e9line Dion"},"content":{"rendered":"<p>\u00ab Je vais acheter toute la boutique. \u00bb Jeudi matin, devant le pop-up <a href=\"https:\/\/www.republicain-lorrain.fr\/p\/celine-dion\" target=\"_blank\" rel=\"nofollow noopener\">C\u00e9line Dion<\/a>, install\u00e9 au troisi\u00e8me \u00e9tage des Galeries Lafayette \u00e0 Paris, Noella, 52 ans, avait annonc\u00e9 la couleur.<\/p>\n<p>Venue sp\u00e9cialement d\u2019Amiens (Somme) avec sa fille pour l\u2019ouverture, elle explique \u00e0 nos confr\u00e8res du <a href=\"https:\/\/www.leparisien.fr\/culture-loisirs\/musique\/jai-depense-900-euros-la-boutique-celine-dion-aux-galeries-lafayette-met-ses-fans-en-ebullition-03-09-2026-3MOUQ23SEJDPDFW4QZIB27QT6Y.php?ts=1788591616549\" target=\"_blank\" rel=\"nofollow noopener\">Parisien<\/a>, avoir m\u00eame d\u00e9cal\u00e9 son jour de repos pour \u00eatre pr\u00e9sente.<\/p>\n<p>Une heure plus tard, la promesse \u00e9tait tenue. Tee-shirts, sweat-shirts, cartes postales, foulard, chaussettes, gants en cuir\u2026 La fan a multipli\u00e9 les achats parmi les quelque 50 r\u00e9f\u00e9rences propos\u00e9es sur le stand. Montant de la facture : 900 euros.<\/p>\n<p>  \u00ab\u00a0J&rsquo;ai \u00e9conomis\u00e9\u00a0\u00bb\u00a0<\/p>\n<p>Une d\u00e9pense qu\u2019elle assume pleinement. \u00ab Je ne suis pas partie en vacances cet \u00e9t\u00e9, j\u2019ai \u00e9conomis\u00e9. C\u00e9line, c\u2019est mon plaisir \u00bb, explique cette employ\u00e9e dans la restauration hospitali\u00e8re, qui suit la chanteuse depuis pr\u00e8s de 30 ans.<\/p>\n<p>Elle raconte avoir assist\u00e9 \u00e0 son premier concert en 1996 et \u00eatre m\u00eame all\u00e9e l\u2019\u00e9couter jusqu\u2019\u00e0 Las Vegas. Et la fan compte bien r\u00e9pondre pr\u00e9sente pour le retour de la chanteuse qu\u00e9b\u00e9coise <a href=\"https:\/\/www.republicain-lorrain.fr\/societe\/2026\/08\/28\/elle-est-arrivee-en-jet-prive-celine-dion-est-en-france-deux-semaines-avant-ses-concerts\" target=\"_blank\" rel=\"nofollow noopener\">sur la sc\u00e8ne parisienne<\/a>.<\/p>\n<p>Apr\u00e8s plus de six ans loin de la sc\u00e8ne, C\u00e9line Dion s\u2019appr\u00eate \u00e0 retrouver son public pour une s\u00e9rie de 16 concerts, d\u00e8s le 12 septembre prochain, \u00e0 La Plenitude Arena de Nanterre (Hauts-de-Seine). Dix autres sont pr\u00e9vus en mai 2027.\u00a0<\/p>\n","protected":false},"excerpt":{"rendered":"\u00ab Je vais acheter toute la boutique. \u00bb Jeudi matin, devant le pop-up C\u00e9line Dion, install\u00e9 au troisi\u00e8me&hellip;\n","protected":false},"author":2,"featured_media":1168729,"comment_status":"","ping_status":"","sticky":false,"template":"","format":"standard","meta":{"footnotes":"","_share_on_mastodon":"0"},"categories":[1888],"tags":[11,130,1687,33,1777,674,107,1011,27,329,1757,873,12,626,973,25,104],"class_list":["post-1168728","post","type-post","status-publish","format-standard","has-post-thumbnail","category-paris","tag-actualites","tag-consommation","tag-culture-loisirs","tag-economie","tag-eu","tag-europe","tag-fil-info","tag-fr","tag-france","tag-france-monde","tag-insolite","tag-musique","tag-news","tag-paris","tag-people","tag-republique-francaise","tag-societe"],"share_on_mastodon":{"url":"https:\/\/pubeurope.com\/@fr\/117218016663410949","error":""},"_links":{"self":[{"href":"https:\/\/www.europesays.com\/fr\/wp-json\/wp\/v2\/posts\/1168728","targetHints":{"allow":["GET"]}}],"collection":[{"href":"https:\/\/www.europesays.com\/fr\/wp-json\/wp\/v2\/posts"}],"about":[{"href":"https:\/\/www.europesays.com\/fr\/wp-json\/wp\/v2\/types\/post"}],"author":[{"embeddable":true,"href":"https:\/\/www.europesays.com\/fr\/wp-json\/wp\/v2\/users\/2"}],"replies":[{"embeddable":true,"href":"https:\/\/www.europesays.com\/fr\/wp-json\/wp\/v2\/comments?post=1168728"}],"version-history":[{"count":0,"href":"https:\/\/www.europesays.com\/fr\/wp-json\/wp\/v2\/posts\/1168728\/revisions"}],"wp:featuredmedia":[{"embeddable":true,"href":"https:\/\/www.europesays.com\/fr\/wp-json\/wp\/v2\/media\/1168729"}],"wp:attachment":[{"href":"https:\/\/www.europesays.com\/fr\/wp-json\/wp\/v2\/media?parent=1168728"}],"wp:term":[{"taxonomy":"category","embeddable":true,"href":"https:\/\/www.europesays.com\/fr\/wp-json\/wp\/v2\/categories?post=1168728"},{"taxonomy":"post_tag","embeddable":true,"href":"https:\/\/www.europesays.com\/fr\/wp-json\/wp\/v2\/tags?post=1168728"}],"curies":[{"name":"wp","href":"https:\/\/api.w.org\/{rel}","templated":true}]}}