{"id":1168732,"date":"2026-09-05T10:43:18","date_gmt":"2026-09-05T10:43:18","guid":{"rendered":"https:\/\/www.europesays.com\/fr\/1168732\/"},"modified":"2026-09-05T10:43:18","modified_gmt":"2026-09-05T10:43:18","slug":"guerre-en-ukraine-le-siege-des-services-de-securite-touche-par-une-frappe-russe-en-plein-centre-de-kiev","status":"publish","type":"post","link":"https:\/\/www.europesays.com\/fr\/1168732\/","title":{"rendered":"Guerre en Ukraine : le si\u00e8ge des services de s\u00e9curit\u00e9 touch\u00e9 par une frappe russe en plein centre de Kiev"},"content":{"rendered":"<p>\n    Le pr\u00e9sident ukrainien Volodymyr Zelensky a affirm\u00e9 ce vendredi qu\u2019un drone russe a \u00abdirectement\u00bb vis\u00e9 le bureau du chef des services de s\u00e9curit\u00e9 \u00e0 Kiev.<\/p>\n<p class=\"fig-paragraph\">Le si\u00e8ge des<a href=\"https:\/\/video.lefigaro.fr\/figaro\/international\/une-honte-absolue-a-kiev-une-fusillade-eclate-entre-les-services-de-securite-ukrainiens-1-20260903\" data-fig-type=\"Video\" data-gtm-custom-categorie=\"navigation\" data-gtm-custom-action=\"crossclick\" data-gtm-custom-label=\"Contextuel\" data-gtm-event=\"customEventSPE\" data-fig-domain=\"LEFIGARO\" rel=\"nofollow noopener\" target=\"_blank\">\u00a0services de s\u00e9curit\u00e9 ukrainiens (SBU)<\/a>\u00a0a \u00e9t\u00e9 touch\u00e9 vendredi par une frappe de drone russe en plein centre de\u00a0<a href=\"http:\/\/www.lefigaro.fr\/international\/guerre-en-ukraine-premiere-visite-a-kiev-des-emissaires-de-donald-trump-dimanche-20260904\" data-fig-type=\"NewsFlash\" data-gtm-custom-categorie=\"navigation\" data-gtm-custom-action=\"crossclick\" data-gtm-custom-label=\"Contextuel\" data-gtm-event=\"customEventSPE\" data-fig-domain=\"LEFIGARO\" rel=\"nofollow noopener\" target=\"_blank\">Kiev<\/a>, une attaque spectaculaire qui visait, selon le pr\u00e9sident<a href=\"http:\/\/www.lefigaro.fr\/international\/guerre-en-ukraine-vladimir-poutine-qualifie-de-terroriste-la-mise-en-garde-de-volodymyr-zelensky-concernant-la-securite-de-l-espace-aerien-russe-20260902\" data-fig-type=\"NewsFlash\" data-gtm-custom-categorie=\"navigation\" data-gtm-custom-action=\"crossclick\" data-gtm-custom-label=\"Contextuel\" data-gtm-event=\"customEventSPE\" data-fig-domain=\"LEFIGARO\" rel=\"nofollow noopener\" target=\"_blank\">\u00a0Volodymyr Zelensky<\/a>, le bureau du chef de ce puissant organisme. Cette frappe survient deux jours avant la premi\u00e8re visite attendue en Ukraine des \u00e9missaires du pr\u00e9sident<a href=\"http:\/\/www.lefigaro.fr\/international\/guerre-en-ukraine-les-etats-unis-vont-reclamer-a-l-europe-le-remboursement-des-aides-versees-a-kiev-affirme-donald-trump-20260904\" data-fig-type=\"NewsFlash\" data-gtm-custom-categorie=\"navigation\" data-gtm-custom-action=\"crossclick\" data-gtm-custom-label=\"Contextuel\" data-gtm-event=\"customEventSPE\" data-fig-domain=\"LEFIGARO\" rel=\"nofollow noopener\" target=\"_blank\">\u00a0Donald Trump<\/a>,\u00a0<a href=\"http:\/\/www.lefigaro.fr\/international\/israel-l-emissaire-americain-steve-witkoff-doit-rencontrer-netanyahou-mardi-20260202\" data-fig-type=\"NewsFlash\" data-gtm-custom-categorie=\"navigation\" data-gtm-custom-action=\"crossclick\" data-gtm-custom-label=\"Contextuel\" data-gtm-event=\"customEventSPE\" data-fig-domain=\"LEFIGARO\" rel=\"nofollow noopener\" target=\"_blank\">Steve Witkoff<\/a>\u00a0et\u00a0<a href=\"http:\/\/www.lefigaro.fr\/international\/gaza-jared-kushner-a-rencontre-des-dirigeants-du-hamas-en-egypte-20260816\" data-fig-type=\"NewsFlash\" data-gtm-custom-categorie=\"navigation\" data-gtm-custom-action=\"crossclick\" data-gtm-custom-label=\"Contextuel\" data-gtm-event=\"customEventSPE\" data-fig-domain=\"LEFIGARO\" rel=\"nofollow noopener\" target=\"_blank\">Jared Kushner<\/a>, dans le cadre de la tentative de m\u00e9diation am\u00e9ricaine pour mettre fin \u00e0 la guerre meurtri\u00e8re d\u00e9clench\u00e9e par l\u2019invasion russe de 2022. Vendredi, en fin d\u2019apr\u00e8s-midi, un drone russe a frapp\u00e9 le b\u00e2timent principal des SBU, a annonc\u00e9 Volodymyr Zelensky. Cet \u00e9difice gouvernemental est situ\u00e9 au coeur de la capitale.<\/p>\n<p class=\"fig-paragraph\">\u00abLe drone visait directement le bureau du chef du service de s\u00e9curit\u00e9\u00bb, Oleksandre Poklad, a ajout\u00e9 le pr\u00e9sident ukrainien, pr\u00e9cisant s\u2019\u00eatre entretenu avec ce dernier et l\u2019avoir charg\u00e9 \u00abd\u2019apporter une r\u00e9ponse appropri\u00e9e et tangible\u00bb \u00e0 cette attaque. Selon une source proche du dossier interrog\u00e9e par l\u2019AFP, Oleksandre Poklad n\u2019\u00e9tait pas dans son bureau au moment de la frappe. Des journalistes de l\u2019AFP ont vu de la fum\u00e9e s\u2019\u00e9lever au-dessus du centre-ville, tandis que de nombreux passants observaient le travail des services de secours d\u00e9p\u00each\u00e9s sur place. Plusieurs rues autour du site ont \u00e9t\u00e9 ferm\u00e9es \u00e0 la circulation.<\/p>\n<p>                                            <a class=\"fig-a11y-skip\" href=\"#fig-a11y-skip-main-inarticle\" is=\"fig-a11y-skip\" data-trigger-mode=\"visible-once\"><br \/>\n    Passer la publicit\u00e9<br \/>\n<\/a>            <\/p>\n<p>                                            Neuf personnes bless\u00e9es<\/p>\n<p class=\"fig-paragraph\">Neuf personnes ont \u00e9t\u00e9 bless\u00e9es dans ce quartier historique de la capitale, dont sept ont \u00e9t\u00e9 hospitalis\u00e9es, a indiqu\u00e9 le maire de Kiev,\u00a0<a href=\"http:\/\/www.lefigaro.fr\/elections\/europeennes\/europeennes-raphael-glucksmann-s-affiche-a-paris-avec-le-maire-de-kiev-vitali-klitschko-20240503\" data-fig-type=\"NewsFlash\" data-gtm-custom-categorie=\"navigation\" data-gtm-custom-action=\"crossclick\" data-gtm-custom-label=\"Contextuel\" data-gtm-event=\"customEventSPE\" data-fig-domain=\"LEFIGARO\" rel=\"nofollow noopener\" target=\"_blank\">Vitali Klitschko<\/a>, sans pr\u00e9ciser si ces personnes se trouvaient dans le b\u00e2timent vis\u00e9. Alors qu\u2019aucune issue diplomatique ne semble en vue, Moscou a multipli\u00e9 ces derni\u00e8res semaines ses frappes de drones et missiles, en pleine journ\u00e9e et de nuit, sur Kiev et d\u2019autres villes du pays, o\u00f9 les alertes a\u00e9riennes sont constantes.<\/p>\n<p class=\"fig-paragraph\">Cet \u00e9t\u00e9, l\u2019arm\u00e9e ukrainienne a \u00e9galement intensifi\u00e9 ses bombardements en Russie, parfois tr\u00e8s loin du front, disant cibler des infrastructures logistiques, militaires et \u00e9nerg\u00e9tiques. Volodymmyr Zelensky a pr\u00e9venu cette semaine que l\u2019espace a\u00e9rien russe \u00e9tait d\u00e9sormais dangereux en raison des drones ukrainiens, un avertissement que son homologue russe Vladimir Poutine a qualifi\u00e9 de \u00abterroriste\u00bb.<\/p>\n<p>                                            \u00abRedynamiser la diplomatie\u00bb<\/p>\n<p class=\"fig-paragraph\">Kiev a indiqu\u00e9 mercredi avoir officiellement notifi\u00e9 cette situation \u00e0 l\u2019Organisation de l\u2019aviation civile internationale (OACI). Et vendredi, Moscou a demand\u00e9 \u00e0 l\u2019OACI de \u00abcondamner\u00bb les d\u00e9clarations \u00abill\u00e9gales\u00bb de Kiev. Dans ce contexte, les \u00e9missaires du pr\u00e9sident des Etats-Unis, Steve Witkoff et Jared Kushner, doivent effectuer, selon Kiev, un nouveau d\u00e9placement \u00e0 Moscou et se rendre \u00e9galement, pour la premi\u00e8re fois, dans la capitale ukrainienne. Les responsables, qui sont d\u00e9j\u00e0 all\u00e9s \u00e0 Moscou \u00e0 plusieurs reprises et dont le voyage \u00e0 Kiev est n\u00e9goci\u00e9 depuis des mois, se rendront dans la capitale ukrainienne \u00abdimanche\u00bb, a indiqu\u00e9 vendredi \u00e0 l\u2019AFP un haut responsable ukrainien, sous couvert d\u2019anonymat.<\/p>\n<p class=\"fig-paragraph\">Depuis son retour \u00e0 la<a href=\"https:\/\/video.lefigaro.fr\/figaro\/economie\/la-maison-blanche-pousse-des-entreprises-spatiales-americaines-a-ne-pas-participer-au-sommet-organise-a-paris-la-semaine-prochaine-20260903\" data-fig-type=\"Video\" data-gtm-custom-categorie=\"navigation\" data-gtm-custom-action=\"crossclick\" data-gtm-custom-label=\"Contextuel\" data-gtm-event=\"customEventSPE\" data-fig-domain=\"LEFIGARO\" rel=\"nofollow noopener\" target=\"_blank\">\u00a0Maison-Blanche<\/a>, d\u00e9but 2025, Donald Trump a amorc\u00e9 plusieurs cycles de pourparlers pour tenter de trouver une issue au conflit, qui pour l\u2019heure n\u2019ont men\u00e9 \u00e0 aucune avanc\u00e9e tangible. Ces efforts diplomatiques sont par ailleurs pass\u00e9s au second plan de l\u2019agenda de Washington depuis l\u2019\u00e9clatement, en f\u00e9vrier, de la guerre au Moyen-Orient. Fin juillet, le pr\u00e9sident ukrainien s\u2019\u00e9tait entretenu par t\u00e9l\u00e9phone avec les \u00e9missaires de Donald Trump afin de \u00abredynamiser la diplomatie\u00bb. La guerre d\u00e9clench\u00e9e par l\u2019invasion russe \u00e0 grande \u00e9chelle de l\u2019Ukraine, en f\u00e9vrier 2022, est le conflit arm\u00e9 le plus sanglant en Europe depuis la Seconde guerre mondiale et a fait, selon les estimations, plusieurs centaines de milliers de morts et de bless\u00e9s.<\/p>\n","protected":false},"excerpt":{"rendered":"Le pr\u00e9sident ukrainien Volodymyr Zelensky a affirm\u00e9 ce vendredi qu\u2019un drone russe a \u00abdirectement\u00bb vis\u00e9 le bureau du&hellip;\n","protected":false},"author":2,"featured_media":1168733,"comment_status":"","ping_status":"","sticky":false,"template":"","format":"standard","meta":{"footnotes":"","_share_on_mastodon":"0"},"categories":[1590],"tags":[1111,47,11,1109,1112,1777,674,118,1108,107,1106,1107,27,1110,1114,14,12,1113,316,220],"class_list":["post-1168732","post","type-post","status-publish","format-standard","has-post-thumbnail","category-ukraine","tag-actu","tag-actualite","tag-actualites","tag-breves","tag-depeches","tag-eu","tag-europe","tag-faits-divers","tag-fil","tag-fil-info","tag-flash","tag-flash-actu","tag-france","tag-informations","tag-infos","tag-international","tag-news","tag-nouvelles","tag-politique","tag-ukraine"],"share_on_mastodon":{"url":"https:\/\/pubeurope.com\/@fr\/117218024272121150","error":""},"_links":{"self":[{"href":"https:\/\/www.europesays.com\/fr\/wp-json\/wp\/v2\/posts\/1168732","targetHints":{"allow":["GET"]}}],"collection":[{"href":"https:\/\/www.europesays.com\/fr\/wp-json\/wp\/v2\/posts"}],"about":[{"href":"https:\/\/www.europesays.com\/fr\/wp-json\/wp\/v2\/types\/post"}],"author":[{"embeddable":true,"href":"https:\/\/www.europesays.com\/fr\/wp-json\/wp\/v2\/users\/2"}],"replies":[{"embeddable":true,"href":"https:\/\/www.europesays.com\/fr\/wp-json\/wp\/v2\/comments?post=1168732"}],"version-history":[{"count":0,"href":"https:\/\/www.europesays.com\/fr\/wp-json\/wp\/v2\/posts\/1168732\/revisions"}],"wp:featuredmedia":[{"embeddable":true,"href":"https:\/\/www.europesays.com\/fr\/wp-json\/wp\/v2\/media\/1168733"}],"wp:attachment":[{"href":"https:\/\/www.europesays.com\/fr\/wp-json\/wp\/v2\/media?parent=1168732"}],"wp:term":[{"taxonomy":"category","embeddable":true,"href":"https:\/\/www.europesays.com\/fr\/wp-json\/wp\/v2\/categories?post=1168732"},{"taxonomy":"post_tag","embeddable":true,"href":"https:\/\/www.europesays.com\/fr\/wp-json\/wp\/v2\/tags?post=1168732"}],"curies":[{"name":"wp","href":"https:\/\/api.w.org\/{rel}","templated":true}]}}