{"id":1168768,"date":"2026-09-05T11:14:19","date_gmt":"2026-09-05T11:14:19","guid":{"rendered":"https:\/\/www.europesays.com\/fr\/1168768\/"},"modified":"2026-09-05T11:14:19","modified_gmt":"2026-09-05T11:14:19","slug":"comment-george-clooney-sest-fait-voler-la-vedette-par-son-conducteur-de-bateau-riva-a-venise","status":"publish","type":"post","link":"https:\/\/www.europesays.com\/fr\/1168768\/","title":{"rendered":"Comment George Clooney s\u2019est fait voler la vedette par son conducteur de bateau Riva \u00e0 Venise"},"content":{"rendered":"<p>                                    <img decoding=\"async\" src=\"https:\/\/www.europesays.com\/fr\/wp-content\/uploads\/2026\/09\/45968a22d46f2c66e6faa9f5d64a8a2943b495bd1a688b05a4c0345a1728cd87.jpg\" alt=\"George et Amal Clooney\u00a0: leur arriv\u00e9e tr\u00e8s chic \u00e0 Venise\" class=\"a11y-hidden\" fetchpriority=\"high\"\/><\/p>\n<p>\n    Depuis mercredi 2 septembre, George et Amal Clooney se trouvent dans la Cit\u00e9 des Doges pour la Mostra de Venise. Se d\u00e9pla\u00e7ant \u00e0 bord de bateaux Riva, le couple a permis \u00e0 son chauffeur de devenir c\u00e9l\u00e8bre.<\/p>\n<p class=\"fig-paragraph\">Cheveux au vent, lunettes de soleil sur le nez, ils saluent la foule venue les acclamer. Depuis mercredi 2 septembre, George et Amal Clooney se trouvent\u00a0<a href=\"http:\/\/madame.lefigaro.fr\/style\/news\/amal-clooney-elegante-en-tailleur-short-a-la-mostra-de-venise-l-idee-chic-de-la-rentree-20260902\" data-fig-type=\"Article\" data-gtm-custom-categorie=\"navigation\" data-gtm-custom-action=\"crossclick\" data-gtm-custom-label=\"Contextuel\" data-gtm-event=\"customEventSPE\" data-fig-domain=\"MADAME\" rel=\"nofollow noopener\" target=\"_blank\">\u00e0 Venise \u00e0 l\u2019occasion du c\u00e9l\u00e8bre festival de cin\u00e9ma<\/a>. En effet, l\u2019acteur am\u00e9ricain,\u00a0<a href=\"http:\/\/madame.lefigaro.fr\/celebrites\/actu-people\/sa-relation-avec-cecile-balitran-son-amitie-avec-jean-dujardin-sa-vie-a-brignoles-george-clooney-et-la-france-une-longue-histoire-d-amour-20260110\" data-fig-type=\"Article\" data-gtm-custom-categorie=\"navigation\" data-gtm-custom-action=\"crossclick\" data-gtm-custom-label=\"Contextuel\" data-gtm-event=\"customEventSPE\" data-fig-domain=\"MADAME\" rel=\"nofollow noopener\" target=\"_blank\">r\u00e9cemment naturalis\u00e9 fran\u00e7ais<\/a>, y a re\u00e7u un Lion d\u2019Or d\u2019honneur lors de la c\u00e9r\u00e9monie d\u2019ouverture. Comme chaque ann\u00e9e lors de cet \u00e9v\u00e9nement, les c\u00e9l\u00e9brit\u00e9s convi\u00e9es se d\u00e9placent en Riva, ces petits bateaux luxueux qui permettent de parcourir la cit\u00e9 italienne et surtout de rejoindre le Palais du cin\u00e9ma au Lido.<\/p>\n<p class=\"fig-paragraph\">Les \u00e9poux Clooney n\u2019ont pas d\u00e9rog\u00e9 \u00e0 la r\u00e8gle profitant de ce moyen de transport pour effectuer la plupart de leur d\u00e9placement. Mais ils n\u2019\u00e9taient pas seuls sur le bateau. En effet, le conducteur du Riva semble lui aussi avoir attir\u00e9 l\u2019attention, quitte \u00e0 voler la vedette \u00e0\u00a0<a href=\"https:\/\/madame.lefigaro.fr\/tag\/george-clooney\" data-fig-type=\"Keyword\" data-gtm-custom-categorie=\"navigation\" data-gtm-custom-action=\"crossclick\" data-gtm-custom-label=\"Contextuel\" data-gtm-event=\"customEventSPE\" data-fig-domain=\"MADAME\" rel=\"nofollow noopener\" target=\"_blank\">George Clooney<\/a>. Mercredi 2 septembre,\u00a0<a href=\"https:\/\/www.tiktok.com\/@gqitalia\/video\/7680607123214060833?is_from_webapp=1&amp;sender_device=pc\" target=\"_blank\" rel=\"nofollow noopener\" data-gtm-custom-categorie=\"navigation\" data-gtm-custom-action=\"crossclick\" data-gtm-custom-label=\"Contextuel\" data-gtm-event=\"customEventSPE\">GQ Italia<\/a> \u00a0a partag\u00e9 une vid\u00e9o sur laquelle l\u2019acteur et son \u00e9pouse se trouvent \u00e0 bord de l\u2019embarcation, en train d\u2019observer le paysage. Install\u00e9s \u00e0 l\u2019avant du bateau taxi, \u00e0 c\u00f4t\u00e9 du conducteur, les \u00e9poux n\u2019h\u00e9sitent pas \u00e0 engager la conversation avec ce dernier.<\/p>\n<p class=\"fig-body-link&#10;    \">\n            \u00c0 lire aussi<br \/>\n        <a class=\"fig-body-link__link\" href=\"http:\/\/madame.lefigaro.fr\/style\/news\/robe-blanche-en-satin-et-bouquet-de-fleurs-la-sublime-tenue-de-mariee-d-amal-clooney-sur-les-bords-du-lac-de-come-20260829\" data-fig-type=\"Article\" data-gtm-custom-categorie=\"navigation\" data-gtm-custom-action=\"crossclick\" data-gtm-custom-label=\"Contextuel\" data-gtm-event=\"customEventSPE\" data-fig-domain=\"MADAME\" rel=\"nofollow noopener\" target=\"_blank\"><br \/>\n        Robe blanche en satin et bouquet de fleurs\u00a0: la sublime tenue de mari\u00e9e d\u2019Amal Clooney sur les bords du lac de C\u00f4me<\/a>\n<\/p>\n<blockquote class=\"tiktok-embed\" cite=\"https:\/\/www.tiktok.com\/@gqitalia\/video\/7680607123214060833\" data-video-id=\"7680607123214060833\" data-embed-from=\"oembed\" style=\"max-width:605px; min-width:325px;\"><p>  <a target=\"_blank\" title=\"@gqitalia\" href=\"https:\/\/www.tiktok.com\/@gqitalia?refer=embed\" rel=\"nofollow noopener\">@gqitalia<\/a> <\/p>\n<p>Poche cose riescono a rappresentare meglio il glamour della Mostra del Cinema di <a title=\"venezia\" target=\"_blank\" href=\"https:\/\/www.tiktok.com\/tag\/venezia?refer=embed\" rel=\"nofollow noopener\">#Venezia<\/a> di <a title=\"georgeclooney\" target=\"_blank\" href=\"https:\/\/www.tiktok.com\/tag\/georgeclooney?refer=embed\" rel=\"nofollow noopener\">#GeorgeClooney<\/a> e <a title=\"amalclooney\" target=\"_blank\" href=\"https:\/\/www.tiktok.com\/tag\/amalclooney?refer=embed\" rel=\"nofollow noopener\">#AmalClooney<\/a> su un motoscafo nel Canal Grande. Lattore e la moglie sono arrivati in Laguna alla vigilia dellapertura del Festival, dove domani George ricever il Leone dOro alla carriera. <\/p>\n<p> <a target=\"_blank\" title=\"   -  \" href=\"https:\/\/www.tiktok.com\/music\/--7054466223999945474?refer=embed\" rel=\"nofollow noopener\">   &#8211;  <\/a>  <\/p><\/blockquote>\n<p>                                                <a class=\"fig-a11y-skip\" href=\"#fig-a11y-skip-main-inarticle\" is=\"fig-a11y-skip\" data-trigger-mode=\"visible-once\"><br \/>\n    Passer la publicit\u00e9<br \/>\n<\/a>            <\/p>\n<p>                                                \u00abJe fixe le conducteur du bateau\u00bb<\/p>\n<p class=\"fig-paragraph\">Chemise l\u00e9g\u00e8rement ouverte, lunettes de soleil sur le nez, cheveux blonds coiff\u00e9s \u00e0 la perfection, l\u2019homme n\u2019est pas pass\u00e9 inaper\u00e7u. Dans les commentaires de plusieurs vid\u00e9os publi\u00e9s sur les r\u00e9seaux sociaux, les internautes s\u2019interrogent. \u00abJe fixe le conducteur du bateau\u00bb, \u00abOn peut parler du chauffeur de taxi\u00a0?\u00bb, \u00abMais qui est le gar\u00e7on qui est avec eux\u00a0?\u00bb, \u00abQui est l\u2019homme beau qui dirige le bateau\u00a0?\u00bb, peut-on lire. Si certains affirment que George et\u00a0<a href=\"https:\/\/madame.lefigaro.fr\/tag\/amal-alamuddin-clooney\" data-fig-type=\"Keyword\" data-gtm-custom-categorie=\"navigation\" data-gtm-custom-action=\"crossclick\" data-gtm-custom-label=\"Contextuel\" data-gtm-event=\"customEventSPE\" data-fig-domain=\"MADAME\" rel=\"nofollow noopener\" target=\"_blank\">Amal Clooney<\/a>\u00a0sont l\u2019un des couples de star les plus glamours, le myst\u00e9rieux conducteur semble s\u2019accorder parfaitement \u00e0 l\u2019image renvoy\u00e9e par les \u00e9poux.<\/p>\n<p class=\"fig-paragraph\">On le retrouve d\u2019ailleurs un peu plus tard dans la journ\u00e9e. Celui qui semble \u00eatre devenu le chauffeur attitr\u00e9 des Clooney durant leur s\u00e9jour italien les a conduits mercredi soir \u00e0 la\u00a0<a href=\"http:\/\/madame.lefigaro.fr\/cinema\/amal-et-george-clooney-eblouissent-l-ouverture-de-la-mostra-de-venise-2026-20260902\" data-fig-type=\"Article\" data-gtm-custom-categorie=\"navigation\" data-gtm-custom-action=\"crossclick\" data-gtm-custom-label=\"Contextuel\" data-gtm-event=\"customEventSPE\" data-fig-domain=\"MADAME\" rel=\"nofollow noopener\" target=\"_blank\">c\u00e9r\u00e9monie d\u2019ouverture de la Mostra de Venise<\/a>. Comme \u00e0 chaque fois, George et Amal Clooney ont pris place \u00e0 l\u2019avant aux c\u00f4t\u00e9s de leur chauffeur. L\u2019homme \u00e9tait cette fois v\u00eatu d\u2019une chemise cr\u00e8me, d\u2019un pantalon assorti et portait toujours ses lunettes de soleil. Si sa pr\u00e9sence aux c\u00f4t\u00e9s du couple affole les internautes, son identit\u00e9 reste un myst\u00e8re.<\/p>\n<p>    <script async src=\"\/\/www.tiktok.com\/embed.js\"><\/script><\/p>\n","protected":false},"excerpt":{"rendered":"Depuis mercredi 2 septembre, George et Amal Clooney se trouvent dans la Cit\u00e9 des Doges pour la Mostra&hellip;\n","protected":false},"author":2,"featured_media":1168769,"comment_status":"","ping_status":"","sticky":false,"template":"","format":"standard","meta":{"footnotes":"","_share_on_mastodon":"0"},"categories":[8],"tags":[58,59,1011,27,6054,16787],"class_list":["post-1168768","post","type-post","status-publish","format-standard","has-post-thumbnail","category-divertissement","tag-divertissement","tag-entertainment","tag-fr","tag-france","tag-george-clooney","tag-venise"],"share_on_mastodon":{"url":"https:\/\/pubeurope.com\/@fr\/117218147654178157","error":""},"_links":{"self":[{"href":"https:\/\/www.europesays.com\/fr\/wp-json\/wp\/v2\/posts\/1168768","targetHints":{"allow":["GET"]}}],"collection":[{"href":"https:\/\/www.europesays.com\/fr\/wp-json\/wp\/v2\/posts"}],"about":[{"href":"https:\/\/www.europesays.com\/fr\/wp-json\/wp\/v2\/types\/post"}],"author":[{"embeddable":true,"href":"https:\/\/www.europesays.com\/fr\/wp-json\/wp\/v2\/users\/2"}],"replies":[{"embeddable":true,"href":"https:\/\/www.europesays.com\/fr\/wp-json\/wp\/v2\/comments?post=1168768"}],"version-history":[{"count":0,"href":"https:\/\/www.europesays.com\/fr\/wp-json\/wp\/v2\/posts\/1168768\/revisions"}],"wp:featuredmedia":[{"embeddable":true,"href":"https:\/\/www.europesays.com\/fr\/wp-json\/wp\/v2\/media\/1168769"}],"wp:attachment":[{"href":"https:\/\/www.europesays.com\/fr\/wp-json\/wp\/v2\/media?parent=1168768"}],"wp:term":[{"taxonomy":"category","embeddable":true,"href":"https:\/\/www.europesays.com\/fr\/wp-json\/wp\/v2\/categories?post=1168768"},{"taxonomy":"post_tag","embeddable":true,"href":"https:\/\/www.europesays.com\/fr\/wp-json\/wp\/v2\/tags?post=1168768"}],"curies":[{"name":"wp","href":"https:\/\/api.w.org\/{rel}","templated":true}]}}