{"id":1168780,"date":"2026-09-05T11:20:17","date_gmt":"2026-09-05T11:20:17","guid":{"rendered":"https:\/\/www.europesays.com\/fr\/1168780\/"},"modified":"2026-09-05T11:20:17","modified_gmt":"2026-09-05T11:20:17","slug":"environnement-cest-une-vraie-expedition-deux-speleologues-stephanois-senvolent-vers-le-perou","status":"publish","type":"post","link":"https:\/\/www.europesays.com\/fr\/1168780\/","title":{"rendered":"Environnement. \u00ab\u00a0C&rsquo;est une vraie exp\u00e9dition\u00a0\u00bb\u00a0: deux sp\u00e9l\u00e9ologues st\u00e9phanois s\u2019envolent vers le P\u00e9rou"},"content":{"rendered":"<p>S\u2019ils ont l\u2019habitude de descendre profond\u00e9ment sous terre, ils ne sont jamais all\u00e9s aussi loin \u00e0 la surface de la plan\u00e8te. Deux sp\u00e9l\u00e9ologues st\u00e9phanois, Fabrice Abreal et Julien Ponsard, le pr\u00e9sident du Sp\u00e9l\u00e9o Groupe Forez, vont en effet explorer les sous-sols p\u00e9ruviens.<\/p>\n<p>\u00ab\u00a0C\u2019est une vraie exp\u00e9dition\u00a0\u00bb, explique Julien Ponsard, qui s\u2019envolera ce dimanche 6\u00a0septembre vers&#8230;<\/p>\n","protected":false},"excerpt":{"rendered":"S\u2019ils ont l\u2019habitude de descendre profond\u00e9ment sous terre, ils ne sont jamais all\u00e9s aussi loin \u00e0 la surface&hellip;\n","protected":false},"author":2,"featured_media":1168781,"comment_status":"","ping_status":"","sticky":false,"template":"","format":"standard","meta":{"footnotes":"","_share_on_mastodon":"0"},"categories":[9653],"tags":[1111,11,2430,7539,436,1777,674,107,1011,27,3367,12,25,4001,7538,602],"class_list":["post-1168780","post","type-post","status-publish","format-standard","has-post-thumbnail","category-saint-etienne","tag-actu","tag-actualites","tag-auvergne-rhone-alpes","tag-edition-loire-sud","tag-environnement","tag-eu","tag-europe","tag-fil-info","tag-fr","tag-france","tag-loire","tag-news","tag-republique-francaise","tag-saint-etienne","tag-saint-etienne-ville","tag-tourisme"],"share_on_mastodon":{"url":"https:\/\/pubeurope.com\/@fr\/117218169582544819","error":""},"_links":{"self":[{"href":"https:\/\/www.europesays.com\/fr\/wp-json\/wp\/v2\/posts\/1168780","targetHints":{"allow":["GET"]}}],"collection":[{"href":"https:\/\/www.europesays.com\/fr\/wp-json\/wp\/v2\/posts"}],"about":[{"href":"https:\/\/www.europesays.com\/fr\/wp-json\/wp\/v2\/types\/post"}],"author":[{"embeddable":true,"href":"https:\/\/www.europesays.com\/fr\/wp-json\/wp\/v2\/users\/2"}],"replies":[{"embeddable":true,"href":"https:\/\/www.europesays.com\/fr\/wp-json\/wp\/v2\/comments?post=1168780"}],"version-history":[{"count":0,"href":"https:\/\/www.europesays.com\/fr\/wp-json\/wp\/v2\/posts\/1168780\/revisions"}],"wp:featuredmedia":[{"embeddable":true,"href":"https:\/\/www.europesays.com\/fr\/wp-json\/wp\/v2\/media\/1168781"}],"wp:attachment":[{"href":"https:\/\/www.europesays.com\/fr\/wp-json\/wp\/v2\/media?parent=1168780"}],"wp:term":[{"taxonomy":"category","embeddable":true,"href":"https:\/\/www.europesays.com\/fr\/wp-json\/wp\/v2\/categories?post=1168780"},{"taxonomy":"post_tag","embeddable":true,"href":"https:\/\/www.europesays.com\/fr\/wp-json\/wp\/v2\/tags?post=1168780"}],"curies":[{"name":"wp","href":"https:\/\/api.w.org\/{rel}","templated":true}]}}