{"id":1168797,"date":"2026-09-05T11:35:13","date_gmt":"2026-09-05T11:35:13","guid":{"rendered":"https:\/\/www.europesays.com\/fr\/1168797\/"},"modified":"2026-09-05T11:35:13","modified_gmt":"2026-09-05T11:35:13","slug":"les-bulles-de-grenoble-celebrent-leurs-50-ans","status":"publish","type":"post","link":"https:\/\/www.europesays.com\/fr\/1168797\/","title":{"rendered":"Les Bulles de Grenoble c\u00e9l\u00e8brent leurs 50 ans"},"content":{"rendered":"<p dir=\"ltr\">Devenues l\u2019un des symboles de la ville de Grenoble, en Is\u00e8re, les Bulles du t\u00e9l\u00e9ph\u00e9rique de Grenoble c\u00e9l\u00e8brent cette ann\u00e9e leurs 50 ans. \u00c0 cette occasion, la Ville de Grenoble a organis\u00e9 plusieurs festivit\u00e9s d\u00e8s ce vendredi 4 septembre afin d\u2019accueillir le public dans une ambiance festive et conviviale.<\/p>\n<p dir=\"ltr\">Il y a maintenant 50 ans, le 18 septembre 1976, les embl\u00e9matiques Bulles du t\u00e9l\u00e9ph\u00e9rique de Grenoble entraient en service. Elles sont devenues aujourd\u2019hui l\u2019un des symboles de la ville. \u00c0 leur mise en service, ce t\u00e9l\u00e9ph\u00e9rique repr\u00e9sentait une v\u00e9ritable innovation.<\/p>\n<p>Grenoble, l\u2019une des premi\u00e8res villes \u00e0 disposer d\u2019un t\u00e9l\u00e9ph\u00e9rique urbain<\/p>\n<p dir=\"ltr\">L\u2019histoire du t\u00e9l\u00e9ph\u00e9rique \u00e0 Grenoble remonte \u00e0 plusieurs d\u00e9cennies. Celui-ci a \u00e9t\u00e9 inaugur\u00e9 en 1934, faisant de Grenoble l\u2019une des premi\u00e8res villes de France \u00e0 disposer d\u2019un t\u00e9l\u00e9ph\u00e9rique urbain.<\/p>\n<p dir=\"ltr\">Les cabines n\u2019ont cess\u00e9 d\u2019\u00e9voluer au fil des ann\u00e9es. Leur apparence actuelle diff\u00e8re ainsi de celle des premi\u00e8res cabines mises en service.<\/p>\n<p>Le d\u00e9roul\u00e9 des festivit\u00e9s<\/p>\n<p dir=\"ltr\">Pour marquer les 50 ans des Bulles, plusieurs animations sont propos\u00e9es tout au long du mois de septembre. Les festivit\u00e9s d\u00e9buteront ce vendredi 4 septembre avec une F\u00eate de la Bastille exceptionnelle.<\/p>\n<p dir=\"ltr\">Chaque week-end, diff\u00e9rentes animations sont propos\u00e9es, notamment des cr\u00e9ations th\u00e9\u00e2trales, une immersion dans l\u2019histoire et la m\u00e9canique du t\u00e9l\u00e9ph\u00e9rique ainsi que la d\u00e9couverte du nouvel espace \u00ab \u00c9bullition \u00bb.<\/p>\n<p dir=\"ltr\">Les visiteurs pourront \u00e9galement d\u00e9couvrir les coulisses techniques du t\u00e9l\u00e9ph\u00e9rique \u00e0 l\u2019occasion des Journ\u00e9es europ\u00e9ennes du patrimoine.<\/p>\n<p dir=\"ltr\">Pour cl\u00f4turer ce mois d\u2019anniversaire, un concert est pr\u00e9vu le dimanche 27 septembre 2026. Autant de temps forts qui invitent les Grenoblois, les visiteurs et les amoureux de la Bastille \u00e0 c\u00e9l\u00e9brer les 50 ans des Bulles.<\/p>\n<p dir=\"ltr\">D\u00e8s 17 h 30, l\u2019acc\u00e8s au Fort de la Bastille en t\u00e9l\u00e9ph\u00e9rique sera propos\u00e9 au public.<\/p>\n<p dir=\"ltr\">Cette soir\u00e9e exceptionnelle sera plac\u00e9e sous le signe du partage et invitera Grenoblois et visiteurs \u00e0 c\u00e9l\u00e9brer ensemble le lancement des festivit\u00e9s du mois d&rsquo;anniversaire de \u00ab\u00a0Bulles\u00a0\u00bb.<\/p>\n","protected":false},"excerpt":{"rendered":"Devenues l\u2019un des symboles de la ville de Grenoble, en Is\u00e8re, les Bulles du t\u00e9l\u00e9ph\u00e9rique de Grenoble c\u00e9l\u00e8brent&hellip;\n","protected":false},"author":2,"featured_media":1168798,"comment_status":"","ping_status":"","sticky":false,"template":"","format":"standard","meta":{"footnotes":"","_share_on_mastodon":"0"},"categories":[9566],"tags":[1111,11,2813,2430,1109,251,1112,2811,1777,674,118,1011,27,21780,2731,14004,1922,1110,1114,108,12,316,25,2812,517,800],"class_list":["post-1168797","post","type-post","status-publish","format-standard","has-post-thumbnail","category-grenoble","tag-actu","tag-actualites","tag-article","tag-auvergne-rhone-alpes","tag-breves","tag-culture","tag-depeches","tag-economique","tag-eu","tag-europe","tag-faits-divers","tag-fr","tag-france","tag-gf38","tag-grenoble","tag-grenoblemag","tag-info","tag-informations","tag-infos","tag-isere","tag-news","tag-politique","tag-republique-francaise","tag-sociale","tag-sport","tag-transports"],"share_on_mastodon":{"url":"https:\/\/pubeurope.com\/@fr\/117218228685816092","error":""},"_links":{"self":[{"href":"https:\/\/www.europesays.com\/fr\/wp-json\/wp\/v2\/posts\/1168797","targetHints":{"allow":["GET"]}}],"collection":[{"href":"https:\/\/www.europesays.com\/fr\/wp-json\/wp\/v2\/posts"}],"about":[{"href":"https:\/\/www.europesays.com\/fr\/wp-json\/wp\/v2\/types\/post"}],"author":[{"embeddable":true,"href":"https:\/\/www.europesays.com\/fr\/wp-json\/wp\/v2\/users\/2"}],"replies":[{"embeddable":true,"href":"https:\/\/www.europesays.com\/fr\/wp-json\/wp\/v2\/comments?post=1168797"}],"version-history":[{"count":0,"href":"https:\/\/www.europesays.com\/fr\/wp-json\/wp\/v2\/posts\/1168797\/revisions"}],"wp:featuredmedia":[{"embeddable":true,"href":"https:\/\/www.europesays.com\/fr\/wp-json\/wp\/v2\/media\/1168798"}],"wp:attachment":[{"href":"https:\/\/www.europesays.com\/fr\/wp-json\/wp\/v2\/media?parent=1168797"}],"wp:term":[{"taxonomy":"category","embeddable":true,"href":"https:\/\/www.europesays.com\/fr\/wp-json\/wp\/v2\/categories?post=1168797"},{"taxonomy":"post_tag","embeddable":true,"href":"https:\/\/www.europesays.com\/fr\/wp-json\/wp\/v2\/tags?post=1168797"}],"curies":[{"name":"wp","href":"https:\/\/api.w.org\/{rel}","templated":true}]}}