{"id":1168801,"date":"2026-09-05T11:38:40","date_gmt":"2026-09-05T11:38:40","guid":{"rendered":"https:\/\/www.europesays.com\/fr\/1168801\/"},"modified":"2026-09-05T11:38:40","modified_gmt":"2026-09-05T11:38:40","slug":"judith-godreche-vient-a-rennes-presenter-son-film-memoire-de-fille-cinema","status":"publish","type":"post","link":"https:\/\/www.europesays.com\/fr\/1168801\/","title":{"rendered":"Judith Godr\u00e8che vient \u00e0 Rennes pr\u00e9senter son film M\u00e9moire de fille . Cin\u00e9ma"},"content":{"rendered":"<p>Judith Godr\u00e8che, r\u00e9alisatrice, pr\u00e9sente son film M\u00e9moire de fille, au TNB \u00e0 Rennes\u00a0(Ille-et-Vilaine).<\/p>\n<p>Comment vous avez d\u00e9couvert le livre d\u2019Annie Ernaux, M\u00e9moire de fille, et comment l\u2019avez-vous re\u00e7u\u00a0?<\/p>\n<p>C\u2019est un ami producteur qui m\u2019a parl\u00e9 de ce livre sorti en 2016. J\u2019ai trouv\u00e9 le sujet extr\u00eamement moderne. J\u2019\u00e9tais aussi extr\u00eamement boulevers\u00e9e par les cinquante ans qu\u2019<a href=\"https:\/\/rennes.maville.com\/actu\/actudet_-portrait-annie-ernaux-mise-a-nu-par-l-ecriture_54135-5447107_actu.Htm\" target=\"_self\" rel=\"nofollow noopener\">Annie Ernaux<\/a> a mis \u00e0 \u00e9crire et comment elle raconte ses nombreuses tentatives d\u2019\u00e9criture. Mais si quand j\u2019ai lu <a href=\"https:\/\/rennes.maville.com\/sortir\/infos_-affaire-matzneff-le-livre-le-consentement-de-vanessa-springora-a-la-10e-place-des-ventes_54135-3962733_actu.Htm\" target=\"_self\" rel=\"nofollow noopener\">Le consentement\u00a0de Vanessa Springora<\/a>, \u00e7a m\u2019a beaucoup renvoy\u00e9 \u00e0 mon histoire, ce n\u2019est pas le cas avec M\u00e9moire de fille. C\u2019est pour cela que <a href=\"https:\/\/rennes.maville.com\/actu\/actudet_-cannes-2026-judith-godreche-raconte-une-annie-ernaux-d-hier-et-aujourd-hui-dans-memoire-de-fille_54135-7323070_actu.Htm\" target=\"_self\" rel=\"nofollow noopener\">\u00e7a m\u2019int\u00e9ressait d\u2019en faire un film<\/a>.<\/p>\n<p>Vous cr\u00e9ez le malaise mais sans choquer, c\u2019\u00e9tait un d\u00e9fi\u00a0?<\/p>\n<p>C\u2019est tr\u00e8s compliqu\u00e9 de filmer la zone grise et une sorte de d\u00e9fi de filmer l\u2019absence de consentement. Ce que je voulais arriver \u00e0 capter, c\u2019est ce moment presque en creux, pas spectaculaire o\u00f9\u00a0cette jeune fille, pleine de r\u00eaves, qui se projette dans une grande histoire d\u2019amour qu\u2019elle veut vivre cet \u00e9t\u00e9-l\u00e0, mais qui n\u2019a pas les cl\u00e9s, ne conna\u00eet pas les codes suit ce gar\u00e7on dans sa chambre. Je voulais saisir la banalit\u00e9 de cet instant, sans qu\u2019il y ait aucune nudit\u00e9, en \u00e9tant tout le temps du point de vue de la victime.<\/p>\n<p>\t<img decoding=\"async\" src=\"https:\/\/www.europesays.com\/fr\/wp-content\/uploads\/2026\/09\/P36112009D7465769G_px_640_.jpg\" alt=\"photo m\u00e9moire de fille avec tess barth\u00e9lemy tr\u00e8s touchante dans le r\u00f4le d\u2019annie.  \u00a9  windy production moana\" width=\"640\" title=\" M\u00e9moire de fille avec Tess Barth\u00e9lemy tr\u00e8s touchante dans le r\u00f4le d\u2019Annie.   Windy production Moana \" loading=\"lazy\"\/><\/p>\n<p class=\"elmt-legende\"> M\u00e9moire de fille avec Tess Barth\u00e9lemy tr\u00e8s touchante dans le r\u00f4le d\u2019Annie.   Windy production Moana <\/p>\n<p>Il y a aussi ce rapport terrible au groupe\u00a0?<\/p>\n<p>Je me suis pos\u00e9 la question de savoir pourquoi toutes ces filles, les autres monitrices, se comportent ainsi avec Annie\u00a0? Est-ce que pour tenir face au patriarcat, il faut se donner une attitude. S\u2019il arrive \u00e7a \u00e0 Annie, qu\u2019est-il arriv\u00e9 aux autres\u00a0? Comment \u00e0 l\u2019int\u00e9rieur de cette colonie les personnages f\u00e9minins se sont construits pour survivre dans cet univers\u00a0?<\/p>\n<p>Un livre comme celui d\u2019Annie Ernaux, votre film, votre parole courageuse peuvent-ils contribuer \u00e0 changer les choses\u00a0?<\/p>\n<p>Ce livre et j\u2019esp\u00e8re le film que j\u2019ai r\u00e9alis\u00e9 peut-\u00eatre n\u2019am\u00e8nent pas des r\u00e9ponses, mais posent des questions. Chaque prise de parole compte, chaque \u0153uvre. Et je trouve qu\u2019Annie, \u00e0 17\u00a0ans et demi, dans sa mani\u00e8re de se d\u00e9fendre, a quelque chose de r\u00e9volutionnaire parce que m\u00eame si elle est an\u00e9antie et qu\u2019elle est harcel\u00e9e, il y a chez elle d\u00e9j\u00e0 cette possibilit\u00e9 de r\u00e9action et de f\u00e9minisme.<\/p>\n<p>Dimanche 6\u00a0septembre 2026, \u00e0 15\u00a0h\u00a030, au cin\u00e9 TNB \u00e0 Rennes, avec Nous toutes.<\/p>\n<p>\u00a0<\/p>\n","protected":false},"excerpt":{"rendered":"Judith Godr\u00e8che, r\u00e9alisatrice, pr\u00e9sente son film M\u00e9moire de fille, au TNB \u00e0 Rennes\u00a0(Ille-et-Vilaine). Comment vous avez d\u00e9couvert le&hellip;\n","protected":false},"author":2,"featured_media":1168800,"comment_status":"","ping_status":"","sticky":false,"template":"","format":"standard","meta":{"footnotes":"","_share_on_mastodon":"0"},"categories":[2821],"tags":[1111,11,829,1777,674,195,2081,1011,27,111404,111403,280,12,5032,584,25,6689,5256,9693],"class_list":["post-1168801","post","type-post","status-publish","format-standard","has-post-thumbnail","category-rennes","tag-actu","tag-actualites","tag-bretagne","tag-eu","tag-europe","tag-fille","tag-film","tag-fr","tag-france","tag-godreche","tag-judith","tag-memoire","tag-news","tag-presenter","tag-rennes","tag-republique-francaise","tag-roche","tag-vient","tag-yon"],"share_on_mastodon":{"url":"https:\/\/pubeurope.com\/@fr\/117218242309949905","error":""},"_links":{"self":[{"href":"https:\/\/www.europesays.com\/fr\/wp-json\/wp\/v2\/posts\/1168801","targetHints":{"allow":["GET"]}}],"collection":[{"href":"https:\/\/www.europesays.com\/fr\/wp-json\/wp\/v2\/posts"}],"about":[{"href":"https:\/\/www.europesays.com\/fr\/wp-json\/wp\/v2\/types\/post"}],"author":[{"embeddable":true,"href":"https:\/\/www.europesays.com\/fr\/wp-json\/wp\/v2\/users\/2"}],"replies":[{"embeddable":true,"href":"https:\/\/www.europesays.com\/fr\/wp-json\/wp\/v2\/comments?post=1168801"}],"version-history":[{"count":0,"href":"https:\/\/www.europesays.com\/fr\/wp-json\/wp\/v2\/posts\/1168801\/revisions"}],"wp:featuredmedia":[{"embeddable":true,"href":"https:\/\/www.europesays.com\/fr\/wp-json\/wp\/v2\/media\/1168800"}],"wp:attachment":[{"href":"https:\/\/www.europesays.com\/fr\/wp-json\/wp\/v2\/media?parent=1168801"}],"wp:term":[{"taxonomy":"category","embeddable":true,"href":"https:\/\/www.europesays.com\/fr\/wp-json\/wp\/v2\/categories?post=1168801"},{"taxonomy":"post_tag","embeddable":true,"href":"https:\/\/www.europesays.com\/fr\/wp-json\/wp\/v2\/tags?post=1168801"}],"curies":[{"name":"wp","href":"https:\/\/api.w.org\/{rel}","templated":true}]}}