{"id":1168802,"date":"2026-09-05T11:40:20","date_gmt":"2026-09-05T11:40:20","guid":{"rendered":"https:\/\/www.europesays.com\/fr\/1168802\/"},"modified":"2026-09-05T11:40:20","modified_gmt":"2026-09-05T11:40:20","slug":"musique-michael-spyres-la-voix-exceptionnelle-dun-barytenor-pour-un-kaleidoscope-romantique","status":"publish","type":"post","link":"https:\/\/www.europesays.com\/fr\/1168802\/","title":{"rendered":"Musique. Michael Spyres\u00a0: la voix exceptionnelle d\u2019un baryt\u00e9nor pour un kal\u00e9idoscope romantique"},"content":{"rendered":"<p>La complicit\u00e9 unissant Michael Spyres \u00e0 Strasbourg n\u2019est plus \u00e0 prouver\u00a0: bapt\u00eame du feu wagn\u00e9rien dans le r\u00f4le-titre de Lohengrin (mars\u00a02024), nombreux rendez-vous plac\u00e9s sous le signe de Berlioz avec le chef John Nelson donnant lieu \u00e0 des disques marquants, comme une version de r\u00e9f\u00e9rence des Troyens (Warner Classics, 2017),\u00a0etc.<\/p>\n<p>Un v\u00e9ritable baryt\u00e9nor<\/p>\n<p>Ces deux soir\u00e9es auraient du reste aussi d\u00fb faire l\u2019objet d\u2019un enregistrement sur le prestigieux label\u2026 Parfois, h\u00e9las, les plan\u00e8tes ne&#8230;<\/p>\n","protected":false},"excerpt":{"rendered":"La complicit\u00e9 unissant Michael Spyres \u00e0 Strasbourg n\u2019est plus \u00e0 prouver\u00a0: bapt\u00eame du feu wagn\u00e9rien dans le r\u00f4le-titre&hellip;\n","protected":false},"author":2,"featured_media":1168803,"comment_status":"","ping_status":"","sticky":false,"template":"","format":"standard","meta":{"footnotes":"","_share_on_mastodon":"0"},"categories":[2820],"tags":[1111,11,2389,1687,2880,1777,674,107,63,1011,27,775,873,12,25,640,2879],"class_list":["post-1168802","post","type-post","status-publish","format-standard","has-post-thumbnail","category-strasbourg","tag-actu","tag-actualites","tag-alsace","tag-culture-loisirs","tag-edition-strasbourg","tag-eu","tag-europe","tag-fil-info","tag-football","tag-fr","tag-france","tag-grand-est","tag-musique","tag-news","tag-republique-francaise","tag-strasbourg","tag-strasbourg-ville"],"share_on_mastodon":{"url":"","error":""},"_links":{"self":[{"href":"https:\/\/www.europesays.com\/fr\/wp-json\/wp\/v2\/posts\/1168802","targetHints":{"allow":["GET"]}}],"collection":[{"href":"https:\/\/www.europesays.com\/fr\/wp-json\/wp\/v2\/posts"}],"about":[{"href":"https:\/\/www.europesays.com\/fr\/wp-json\/wp\/v2\/types\/post"}],"author":[{"embeddable":true,"href":"https:\/\/www.europesays.com\/fr\/wp-json\/wp\/v2\/users\/2"}],"replies":[{"embeddable":true,"href":"https:\/\/www.europesays.com\/fr\/wp-json\/wp\/v2\/comments?post=1168802"}],"version-history":[{"count":0,"href":"https:\/\/www.europesays.com\/fr\/wp-json\/wp\/v2\/posts\/1168802\/revisions"}],"wp:featuredmedia":[{"embeddable":true,"href":"https:\/\/www.europesays.com\/fr\/wp-json\/wp\/v2\/media\/1168803"}],"wp:attachment":[{"href":"https:\/\/www.europesays.com\/fr\/wp-json\/wp\/v2\/media?parent=1168802"}],"wp:term":[{"taxonomy":"category","embeddable":true,"href":"https:\/\/www.europesays.com\/fr\/wp-json\/wp\/v2\/categories?post=1168802"},{"taxonomy":"post_tag","embeddable":true,"href":"https:\/\/www.europesays.com\/fr\/wp-json\/wp\/v2\/tags?post=1168802"}],"curies":[{"name":"wp","href":"https:\/\/api.w.org\/{rel}","templated":true}]}}