{"id":116882,"date":"2025-05-21T12:47:11","date_gmt":"2025-05-21T12:47:11","guid":{"rendered":"https:\/\/www.europesays.com\/fr\/116882\/"},"modified":"2025-05-21T12:47:11","modified_gmt":"2025-05-21T12:47:11","slug":"cyclisme-apres-le-grand-prix-enduiest-la-ronde-nanceienne-declare-forfait-2","status":"publish","type":"post","link":"https:\/\/www.europesays.com\/fr\/116882\/","title":{"rendered":"Cyclisme. Apr\u00e8s le Grand Prix Enduiest, la Ronde Nanc\u00e9ienne d\u00e9clare forfait"},"content":{"rendered":"<p>Vous ne croiserez finalement pas de cyclistes, ce week-end, du c\u00f4t\u00e9 de Buissoncourt, Pulnoy ou Dommartin-sous-Amance. Une fois de plus, devrait-on dire\u2026 En mars dernier, l\u2019ASPTT Nancy avait d\u00e9j\u00e0 \u00e9t\u00e9 contrainte <a href=\"https:\/\/www.estrepublicain.fr\/sport\/2025\/03\/18\/trente-deux-inscrits-seulement-le-grand-prix-enduiest-annule\" target=\"_blank\" rel=\"noopener\">d\u2019annuler son Grand Prix Enduiest<\/a> , faute d\u2019engag\u00e9s (32 seulement). Cette fois, c\u2019est la 28e \u00e9dition de la Ronde Nanc\u00e9ienne, initialement programm\u00e9e du 23 au 25\u00a0mai, qui est victime de la d\u00e9mobilisation des coureurs et des \u00e9quipes des environs (au sens large).<\/p>\n<p>Ce contenu est bloqu\u00e9 car vous n&rsquo;avez pas accept\u00e9 les cookies et autres traceurs.<\/p>\n<p>En cliquant sur \u00ab J\u2019accepte \u00bb, les cookies et autres traceurs seront d\u00e9pos\u00e9s et vous pourrez visualiser les contenus  (<a href=\"\" class=\"consentModule_policy\" target=\"_blank\" title=\"Consulter la politique de protection des donn\u00e9es du fournisseur\">plus d&rsquo;informations<\/a>).<\/p>\n<p>En cliquant sur \u00ab J\u2019accepte tous les cookies \u00bb, vous autorisez des d\u00e9p\u00f4ts de cookies et autres traceurs pour le stockage de vos donn\u00e9es sur nos sites et applications \u00e0 des fins de personnalisation et de ciblage publicitaire.<\/p>\n<p class=\"consentModule_secondaryText\">Vous gardez la possibilit\u00e9 de retirer votre consentement \u00e0 tout moment en consultant notre <a href=\"https:\/\/www.estrepublicain.fr\/protection-des-donnees\" target=\"_blank\" title=\"Consulter notre politique de protection des donn\u00e9es\" rel=\"noopener\">politique de protection des donn\u00e9es<\/a>. <br \/>&#13;<br \/>\n            <a href=\"https:\/\/www.estrepublicain.fr\/sport\/2025\/05\/21\/javascript:Didomi.notice.show()\" class=\"consentModule_cmp\" target=\"_blank\" rel=\"noopener\">G\u00e9rer mes choix<\/a>&#13;\n        <\/p>\n<p>&#13;<br \/>\n                        J&rsquo;accepte&#13;<br \/>\n            J&rsquo;accepte tous les cookies&#13;\n        <\/p>\n<p>Pourtant, dans le Grand Est, le week-end devait \u00eatre plut\u00f4t calme en mati\u00e8re d\u2019organisations. En Franche-Comt\u00e9, en revanche, le Tour de Haute-Sa\u00f4ne rassemblera 22 \u00e9quipes (de six coureurs). \u00ab\u00a0La Ronde Nanc\u00e9ienne, c\u2019est tout de m\u00eame un budget de 10.000 euros\u00a0\u00bb, pr\u00e9cise le pr\u00e9sident de la section Gilles Carpentier, \u00ab\u00a0pour 40 engag\u00e9s, dont 15 de l\u2019ASPTT Nancy, \u00e7a ne vaut pas le coup\u2026\u00a0\u00bb.<\/p>\n","protected":false},"excerpt":{"rendered":"Vous ne croiserez finalement pas de cyclistes, ce week-end, du c\u00f4t\u00e9 de Buissoncourt, Pulnoy ou Dommartin-sous-Amance. Une fois&hellip;\n","protected":false},"author":2,"featured_media":116753,"comment_status":"","ping_status":"","sticky":false,"template":"","format":"standard","meta":{"footnotes":""},"categories":[9635],"tags":[1111,11,207,1707,1704,1706,1705,1777,674,107,1701,1011,27,775,1702,1703,12,25,517,1700],"class_list":{"0":"post-116882","1":"post","2":"type-post","3":"status-publish","4":"format-standard","5":"has-post-thumbnail","7":"category-nancy","8":"tag-actu","9":"tag-actualites","10":"tag-cyclisme","11":"tag-edition-luneville","12":"tag-edition-nancy-et-agglomeration","13":"tag-edition-pont-a-mousson","14":"tag-edition-toul","15":"tag-eu","16":"tag-europe","17":"tag-fil-info","18":"tag-fil-info-sport","19":"tag-fr","20":"tag-france","21":"tag-grand-est","22":"tag-nancy","23":"tag-nancy-ville-54b","24":"tag-news","25":"tag-republique-francaise","26":"tag-sport","27":"tag-sport-lorrain"},"share_on_mastodon":{"url":"https:\/\/pubeurope.com\/@fr\/114545901365862175","error":""},"_links":{"self":[{"href":"https:\/\/www.europesays.com\/fr\/wp-json\/wp\/v2\/posts\/116882","targetHints":{"allow":["GET"]}}],"collection":[{"href":"https:\/\/www.europesays.com\/fr\/wp-json\/wp\/v2\/posts"}],"about":[{"href":"https:\/\/www.europesays.com\/fr\/wp-json\/wp\/v2\/types\/post"}],"author":[{"embeddable":true,"href":"https:\/\/www.europesays.com\/fr\/wp-json\/wp\/v2\/users\/2"}],"replies":[{"embeddable":true,"href":"https:\/\/www.europesays.com\/fr\/wp-json\/wp\/v2\/comments?post=116882"}],"version-history":[{"count":0,"href":"https:\/\/www.europesays.com\/fr\/wp-json\/wp\/v2\/posts\/116882\/revisions"}],"wp:featuredmedia":[{"embeddable":true,"href":"https:\/\/www.europesays.com\/fr\/wp-json\/wp\/v2\/media\/116753"}],"wp:attachment":[{"href":"https:\/\/www.europesays.com\/fr\/wp-json\/wp\/v2\/media?parent=116882"}],"wp:term":[{"taxonomy":"category","embeddable":true,"href":"https:\/\/www.europesays.com\/fr\/wp-json\/wp\/v2\/categories?post=116882"},{"taxonomy":"post_tag","embeddable":true,"href":"https:\/\/www.europesays.com\/fr\/wp-json\/wp\/v2\/tags?post=116882"}],"curies":[{"name":"wp","href":"https:\/\/api.w.org\/{rel}","templated":true}]}}