{"id":1168843,"date":"2026-09-05T12:11:19","date_gmt":"2026-09-05T12:11:19","guid":{"rendered":"https:\/\/www.europesays.com\/fr\/1168843\/"},"modified":"2026-09-05T12:11:19","modified_gmt":"2026-09-05T12:11:19","slug":"allemagne-qui-est-ulrich-siegmund-tete-de-liste-de-lafd-qui-pourrait-faire-basculer-une-region-a-lextreme-droite","status":"publish","type":"post","link":"https:\/\/www.europesays.com\/fr\/1168843\/","title":{"rendered":"Allemagne : qui est Ulrich Siegmund, t\u00eate de liste de l&rsquo;AfD qui pourrait faire basculer une r\u00e9gion \u00e0 l&rsquo;extr\u00eame droite ?"},"content":{"rendered":"<ul class=\"jsx-25100651 ArticleChapo__List\">\n<li class=\"jsx-25100651 ArticleChapo__List_Item flex\">Le parti allemand AfD veut faire du Land de Saxe-Anhalt le laboratoire de la transformation de la soci\u00e9t\u00e9 allemande.<\/li>\n<li class=\"jsx-25100651 ArticleChapo__List_Item flex\">Ce dimanche, la majorit\u00e9 pourrait \u00eatre obtenue par Ulrich Siegmund, t\u00eate de liste du parti aux \u00e9lections r\u00e9gionales.<\/li>\n<li class=\"jsx-25100651 ArticleChapo__List_Item flex\">L&rsquo;homme politique de 35 ans souhaite incarner la premi\u00e8re formation d&rsquo;extr\u00eame droite \u00e0 diriger une r\u00e9gion depuis 1945. Portrait.<\/li>\n<\/ul>\n<p><a href=\"https:\/\/www.google.com\/preferences\/source?q=tf1info.fr\" class=\"jsx-2150648137 jsx-976369737 ActionButton ActionButton--withBorder\" rel=\"nofollow noopener\" target=\"_blank\"><\/p>\n<p> Ajoutez TF1info \u00e0 vos sources sur Google <\/p>\n<p><\/a><\/p>\n<p id=\"body-_R_17v7tm_-block-5\" data-module=\"article-paragraph\" class=\"jsx-2921227388 Paragraph Paragraph__End\">Pour le <a href=\"https:\/\/www.spiegel.de\/politik\/deutschland\/sachsen-anhalt-vor-der-wahl-auf-rechts-gedreht-spiegel-tv-a-8f8b6707-7742-4c4b-9736-e05681971cc9\" target=\"_blank\" rel=\"nofollow noopener\">der Spiegel (nouvelle fen\u00eatre)<\/a>, c&rsquo;est \u00ab\u00a0l&rsquo;homme le plus dangereux d&rsquo;Allemagne\u00a0\u00bb. Mais dans son Land natal, la Saxe-Anhalt, c&rsquo;est une personnalit\u00e9 politique tr\u00e8s connue. Ulrich Siegmund, \u00e2g\u00e9 de 35 ans, est la t\u00eate de liste de l&rsquo;Alternative pour l&rsquo;Allemagne (AfD), <a href=\"https:\/\/www.tf1info.fr\/politique\/allemagne-extreme-droite-l-afd-classe-extremiste-de-droite-avere-qu-est-ce-que-ca-signifie-pour-le-parti-alternative-pour-l-allemagne-2368580.html\" target=\"_blank\" rel=\"nofollow noopener\">parti class\u00e9 \u00ab\u00a0mouvement extr\u00e9miste de droite\u00a0\u00bb (nouvelle fen\u00eatre)<\/a> par l&rsquo;Office f\u00e9d\u00e9ral de protection de la Constitution depuis 2023. Depuis des mois, le trentenaire poursuit l&rsquo;objectif historique de devenir le premier dirigeant d&rsquo;extr\u00eame droite de l&rsquo;apr\u00e8s-guerre \u00e0 la t\u00eate d&rsquo;une r\u00e9gion allemande. Et le candidat pourrait bien atteindre son but ce dimanche 6 septembre, \u00e0 l&rsquo;occasion des \u00e9lections r\u00e9gionales en Saxe-Anhalt.<\/p>\n<p id=\"body-_R_17v7tm_-block-8\" data-module=\"article-paragraph\" class=\"jsx-2921227388 Paragraph Paragraph__End\">Anti-migrants, russophile et favorable \u00e0 Donald Trump&#8230; Les positions d&rsquo;Ulrich Siegmund font grincer des dents en Allemagne, mais ses ambitions n&rsquo;ont rien d&rsquo;absurde. En effet, l&rsquo;AfD, <a href=\"https:\/\/www.tf1info.fr\/international\/battez-vous-pour-un-avenir-radieux-pour-l-allemagne-elon-musk-apporte-encore-son-soutien-au-parti-d-extreme-droite-afd-2346915.html\" rel=\"nofollow noopener\" target=\"_blank\">soutenu par Elon Musk lors des l\u00e9gislatives anticip\u00e9es<\/a>, menace les conservateurs du chancelier Friedrich Merz et de l&rsquo;actuel dirigeant de la Saxe-Anhalt, Sven Schulze. Pour continuer de s\u00e9duire, le candidat se montre au plus pr\u00e8s des habitants du Land qu&rsquo;il courtise. Il appara\u00eet dans les f\u00eates de village, en train de faire du footing ou encore en train de chevaucher sa Simson, une mobylette \u00e9rig\u00e9e en symbole de l&rsquo;identit\u00e9 est-allemande. Dans ses meetings, Ulrich Siegmund est adul\u00e9 comme une rockstar par ses militants. \u00a0<\/p>\n<p id=\"body-_R_17v7tm_-block-10\" data-module=\"article-paragraph\" class=\"jsx-2921227388 Paragraph Paragraph__End\">N\u00e9 trois semaines apr\u00e8s la r\u00e9unification de l&rsquo;Allemagne en 1990, Ulrich Siegmund a assist\u00e9 \u00e0 l&rsquo;id\u00e9alisation croissante de la R\u00e9publique d\u00e9mocratique allemande (RDA) parmi ses concitoyens de l&rsquo;est, qui arborent parfois dans ses meetings l&rsquo;ancien drapeau de l&rsquo;Allemagne communiste. Une nostalgie que \u00a0l&rsquo;homme politique de 35 ans sait utiliser, capitalisant sur le sentiment d&rsquo;injustice de ses \u00e9lecteurs, qui s&rsquo;estiment trait\u00e9s en citoyens de seconde zone par leurs compatriotes de l&rsquo;ouest &#8211; eux consid\u00e9r\u00e9s comme privil\u00e9gi\u00e9s &#8211; et <a href=\"https:\/\/www.tf1info.fr\/international\/immigration-pourquoi-la-pologne-ferme-t-elle-ses-frontieres-avec-l-allemagne-et-la-lituanie-2381407.html\" rel=\"nofollow noopener\" target=\"_blank\">face aux immigr\u00e9s qu&rsquo;ils pr\u00e9tendent \u00ab\u00a0favoris\u00e9s\u00a0\u00bb<\/a>.<\/p>\n<p>Une rupture nette avec l&rsquo;Allemagne d&rsquo;apr\u00e8s-guerre<\/p>\n<p id=\"body-_R_17v7tm_-block-12\" data-module=\"article-paragraph\" class=\"jsx-2921227388 Paragraph Paragraph__End\">C&rsquo;est en 2014 qu&rsquo;Ulrich Siegmund rejoint l&rsquo;AfD, apr\u00e8s avoir quitt\u00e9 le parti conservateur du chancelier Helmut Kohl, p\u00e8re de la r\u00e9unification allemande en 1990. Depuis, le disciple s&rsquo;est \u00e9loign\u00e9 des valeurs conservatrices de la jeune R\u00e9publique f\u00e9d\u00e9rale.<\/p>\n<p id=\"body-_R_17v7tm_-block-14\" data-module=\"article-paragraph\" class=\"jsx-2921227388 Paragraph Paragraph__End\">Expulsion des immigr\u00e9s en situation irr\u00e9guli\u00e8re, modification du contrat r\u00e9gissant les m\u00e9dias audiovisuels publics allemands, interdiction de l&rsquo;affichage du drapeau LGBT devant les \u00e9coles, lever de drapeau national dans les \u00e9tablissements publics, modification du programme d&rsquo;histoire dans les \u00e9coles, \u00e0 son go\u00fbt trop centr\u00e9s sur la culpabilit\u00e9 de l&rsquo;Allemagne du IIIe Reich&#8230; S&rsquo;il acc\u00e8de au pouvoir, le candidat de 35 ans entend mettre en \u0153uvre dans son Land des mesures qui marqueraient une <a href=\"https:\/\/www.tf1info.fr\/international\/allemagne-le-parti-d-extreme-droite-afd-se-radicalise-encore-a-l-approche-des-elections-regionales-2421853.html\" rel=\"nofollow noopener\" target=\"_blank\">rupture historique avec l&rsquo;h\u00e9ritage politique et culturel<\/a> de l&rsquo;Allemagne d&rsquo;apr\u00e8s-guerre.<\/p>\n<p><a href=\"https:\/\/www.tf1info.fr\/international\/en-allemagne-un-rescape-d-auschwitz-veut-rendre-sa-decoration-apres-une-alliance-entre-la-droite-et-l-extreme-droite-2348065.html\" rel=\"nofollow noopener\" class=\"jsx-958316424 Link flex\" target=\"_blank\"><img decoding=\"async\" src=\"https:\/\/www.europesays.com\/fr\/wp-content\/uploads\/2026\/09\/arbeit-macht-frei-auschwitz-26-janvier-2025-0c0db8-0@1x.jpeg\" alt=\"ARBEIT MACHT FREI AUSCHWITZ 26 JANVIER 2025\" loading=\"lazy\" importance=\"low\" fetchpriority=\"low\" class=\"\" copyright=\"Wojtek RADWANSKI \/ AFP\" aria-hidden=\"true\"\/><\/p>\n<p class=\"jsx-4054529586 ReadMoreArticle__Title\">Lire aussi<\/p>\n<p class=\"jsx-4054529586\">En Allemagne, un rescap\u00e9 d&rsquo;Auschwitz veut rendre sa d\u00e9coration apr\u00e8s une alliance entre la droite et l&rsquo;extr\u00eame droite<\/p>\n<p><\/a><\/p>\n<p id=\"body-_R_17v7tm_-block-16\" data-module=\"article-paragraph\" class=\"jsx-2921227388 Paragraph Paragraph__End\">Si l&rsquo;AfD est loin d&rsquo;\u00eatre amen\u00e9e \u00e0 diriger un Land \u00e0 l&rsquo;ouest, le discours revanchard de sa formation permet sa mont\u00e9e en puissance \u00e0 l&rsquo;est, dans un pays o\u00f9 les efforts d\u00e9ploy\u00e9s pour r\u00e9duire les disparit\u00e9s de richesse entre les deux p\u00f4les depuis la r\u00e9unification n&rsquo;ont pas port\u00e9 leurs fruits.<\/p>\n<p>Charlotte JOYEUX avec AFP<\/p>\n","protected":false},"excerpt":{"rendered":"Le parti allemand AfD veut faire du Land de Saxe-Anhalt le laboratoire de la transformation de la soci\u00e9t\u00e9&hellip;\n","protected":false},"author":2,"featured_media":1168844,"comment_status":"","ping_status":"","sticky":false,"template":"","format":"standard","meta":{"footnotes":"","_share_on_mastodon":"0"},"categories":[1587],"tags":[1111,11,672,1921,1804,1805,1803,5949,46,1777,674,4710,1801,120942,1922,12,1802,133,1920],"class_list":["post-1168843","post","type-post","status-publish","format-standard","has-post-thumbnail","category-allemagne","tag-actu","tag-actualites","tag-allemagne","tag-article-video","tag-bundesrepublik-deutschland","tag-de","tag-deutschland","tag-elections","tag-elon-musk","tag-eu","tag-europe","tag-friedrich-merz","tag-germany","tag-helmut-kohl","tag-info","tag-news","tag-republique-federale-dallemagne","tag-video","tag-video-international"],"share_on_mastodon":{"url":"https:\/\/pubeurope.com\/@fr\/117218370100071562","error":""},"_links":{"self":[{"href":"https:\/\/www.europesays.com\/fr\/wp-json\/wp\/v2\/posts\/1168843","targetHints":{"allow":["GET"]}}],"collection":[{"href":"https:\/\/www.europesays.com\/fr\/wp-json\/wp\/v2\/posts"}],"about":[{"href":"https:\/\/www.europesays.com\/fr\/wp-json\/wp\/v2\/types\/post"}],"author":[{"embeddable":true,"href":"https:\/\/www.europesays.com\/fr\/wp-json\/wp\/v2\/users\/2"}],"replies":[{"embeddable":true,"href":"https:\/\/www.europesays.com\/fr\/wp-json\/wp\/v2\/comments?post=1168843"}],"version-history":[{"count":0,"href":"https:\/\/www.europesays.com\/fr\/wp-json\/wp\/v2\/posts\/1168843\/revisions"}],"wp:featuredmedia":[{"embeddable":true,"href":"https:\/\/www.europesays.com\/fr\/wp-json\/wp\/v2\/media\/1168844"}],"wp:attachment":[{"href":"https:\/\/www.europesays.com\/fr\/wp-json\/wp\/v2\/media?parent=1168843"}],"wp:term":[{"taxonomy":"category","embeddable":true,"href":"https:\/\/www.europesays.com\/fr\/wp-json\/wp\/v2\/categories?post=1168843"},{"taxonomy":"post_tag","embeddable":true,"href":"https:\/\/www.europesays.com\/fr\/wp-json\/wp\/v2\/tags?post=1168843"}],"curies":[{"name":"wp","href":"https:\/\/api.w.org\/{rel}","templated":true}]}}