{"id":116887,"date":"2025-05-21T12:50:11","date_gmt":"2025-05-21T12:50:11","guid":{"rendered":"https:\/\/www.europesays.com\/fr\/116887\/"},"modified":"2025-05-21T12:50:11","modified_gmt":"2025-05-21T12:50:11","slug":"sous-marin-de-grasse-son-tout-premier-commandant-prend-ses-fonctions","status":"publish","type":"post","link":"https:\/\/www.europesays.com\/fr\/116887\/","title":{"rendered":"Sous-marin de Grasse : son tout premier commandant prend ses fonctions"},"content":{"rendered":"<p><img loading=\"lazy\" decoding=\"async\" alt=\"\u00a9 S. Foliot - La c\u00e9r\u00e9monie de prise de commandement se tenait \u00e0 la Tour royale, aux monuments d'hommage aux sous-mariniers disparus.\" data-zoom-src=\"https:\/\/www.europesays.com\/fr\/wp-content\/uploads\/2025\/05\/initial-la-ceremonie-de-prise-de-commandement-se-tenait-a-la-tour-royale-aux-monuments-d-hommage-aux.jpeg\" data-zoomable=\"\" height=\"702\" src=\"https:\/\/www.europesays.com\/fr\/wp-content\/uploads\/2025\/05\/initial-la-ceremonie-de-prise-de-commandement-se-tenait-a-la-tour-royale-aux-monuments-d-hommage-aux.jpeg\" width=\"1248\"\/>  <\/p>\n<p class=\"article-desc\">\u00a9 S. Foliot &#8211; La c\u00e9r\u00e9monie de prise de commandement se tenait \u00e0 la Tour royale, aux monuments d&rsquo;hommage aux sous-mariniers disparus. <\/p>\n<p>Le drapeau flotte haut dans le ciel gris du parc de la Tour royale \u00e0 Toulon. Des rang\u00e9es d\u2019uniformes blancs sont align\u00e9es ce 19 mai devant le monument d\u2019hommage aux sous-mariniers disparus, pour la <strong>prise de commandement du \u00ab\u00a0De Grasse\u00a0\u00bb, futur sous-marin nucl\u00e9aire d&rsquo;attaque (SNA).<\/strong> <\/p>\n<blockquote>\n<p>\u00ab\u00a0C\u2019\u00e9tait un choix personnel de tenir cette c\u00e9r\u00e9monie ici. On est dans un lieu d&rsquo;h\u00e9ritage et de transmission de grands anciens \u00bb d\u00e9clare le commandant Owen juste apr\u00e8s la c\u00e9r\u00e9monie. <\/p>\n<\/blockquote>\n<p>Dans son discours, le capitaine de fr\u00e9gate a tenu \u00e0 rendre hommage \u00e0 ces <strong>h\u00e9ros de l\u2019ombre.<\/strong> <\/p>\n<p>Les remerciements se sont aussi tourn\u00e9s vers ceux qui permettent la r\u00e9ussite d\u2019une mission : les industriels ayant travaill\u00e9 \u00e0 la conception du b\u00e2timent mais aussi les <strong>familles\u00a0du quatri\u00e8me SNA de classe Suffren, soutien psychologique important pour les embarqu\u00e9s<\/strong>. <\/p>\n<blockquote>\n<p>\u00ab Plus le marin se sent soutenu par sa famille, plus il est \u00e9panoui et performant \u00e0 la mer. \u00bb <\/p>\n<\/blockquote>\n<p>  <img decoding=\"async\" alt=\"\" data-zoomable=\"\" loading=\"lazy\" src=\"https:\/\/www.europesays.com\/fr\/wp-content\/uploads\/2025\/05\/le-capitaine-de-fregate-owen-commandant-sous-marin-de-grasse.jpg\" title=\"le capitaine de fr\u00e9gate Owen, commandant sous-marin de Grasse\" width=\"100%\"\/> \u00a9 S. Foliot &#8211; Le capitaine de fr\u00e9gate Owen, commandant du sous-marin De Grasse.\u00a0 De Grasse : un sous-marin encore en construction <\/p>\n<p>Issu du<strong> programme de renouvellement de la flotte Barracuda<\/strong>, le sous-marin nucl\u00e9aire d&rsquo;attaque est encore<strong> en chantier \u00e0 Cherbourg.\u00a0<\/strong> <\/p>\n<p>Le <strong>dipl\u00f4m\u00e9 de l\u2019\u00c9cole navale<\/strong> a \u00e9t\u00e9 <strong>second puis commandant du Suffren<\/strong>, premier sous-marin du programme Barracuda, en 2023 ce qui lui a permis de s&rsquo;approprier ces nouveaux mod\u00e8les de technologie. Cependant, il lui revient de former son \u00e9quipage qui d\u00e9couvre un syst\u00e8me plus performant.<\/p>\n<p>\u00ab\u00a0On commence aujourd&rsquo;hui notre entra\u00eenement collectif, se r\u00e9jouit le capitaine de fr\u00e9gate Owen. La division d&rsquo;entra\u00eenement va nous solliciter pendant 10 semaines pour que, cet \u00e9t\u00e9, l&rsquo;\u00e9quipage soit qualifi\u00e9. Il va ensuite monter \u00e0 Cherbourg, pendant quatre \u00e0 six mois, finir les travaux avec l&rsquo;industriel et v\u00e9rifier qu&rsquo;on est pr\u00eat \u00e0 r\u00e9aliser en s\u00e9curit\u00e9 les essais. En d\u00e9but d&rsquo;ann\u00e9e prochaine, on partira enfin \u00e0 la mer.\u00a0\u00bb <\/p>\n<p>Si le succ\u00e8s est au rendez-vous, le tout jeune sous-marin pourrait \u00eatre<strong> \u00e0 Toulon avant l\u2019\u00e9t\u00e9 2026.<\/strong> <\/p>\n<p>De Grasse\u00a0: un nom qui r\u00e9sonne en Outre-Atlantique <\/p>\n<p>Le nom d\u2019un sous-marin est toujours porteur de sens. Celui-ci ne fait pas exception \u00e0 la r\u00e8gle selon son nouveau commandant. <\/p>\n<p>\u00ab\u00a0Trois h\u00e9ros fran\u00e7ais sont particuli\u00e8rement connus aux \u00c9tats-Unis pour leur r\u00f4le dans la guerre d&rsquo;ind\u00e9pendance am\u00e9ricaine\u00a0: Lafayette, Rochambeau et de Grasse.\u00a0Avoir choisi un tel nom souligne la volont\u00e9 de la nation de maintenir les relations \u00e9troites avec nos voisins am\u00e9ricains \u00bb justifie-t-il.\u00a0<\/p>\n<p>Le sous-marin de Grasse prend la place de <a href=\"https:\/\/mesinfos.fr\/83000-toulon\/le-dernier-voyage-a-cherbourg-du-sous-marin-toulonnais-l-emeraude-210403.html\" rel=\"noopener nofollow\" target=\"_blank\">l\u2019\u00c9meraude, d\u00e9sarm\u00e9 en novembre 2024<\/a>. Il s&rsquo;installera aux c\u00f4t\u00e9s du Suffren, <a href=\"https:\/\/mesinfos.fr\/83000-toulon\/le-sous-marin-nucleaire-d-attaque-duguay-trouin-a-rejoint-toulon-181812.html\" rel=\"noopener nofollow\" target=\"_blank\">du Duguay Trouin<\/a>, et <a href=\"https:\/\/mesinfos.fr\/83000-toulon\/un-pacha-et-un-premier-equipage-pour-le-tourville-189018.html\" rel=\"noopener nofollow\" target=\"_blank\">du Tourville<\/a>, qui a valid\u00e9 sa p\u00e9riode d\u2019essai et devrait \u00eatre bient\u00f4t admis dans la rade.\u00a0 <\/p>\n<p><strong>Le comte de Grasse : h\u00e9ros de l&rsquo;ind\u00e9pendance am\u00e9ricaine<\/strong> <\/p>\n<p><strong>Le comte Fran\u00e7ois Joseph Paul de Grasse<\/strong>, n\u00e9 en Provence en 1722, commence son apprentissage de marin \u00e0 12 ans. Il s&rsquo;engage au sein des garde-marines de Toulon et participe \u00e0 de nombreuses campagnes navales. Il devient <strong>vice-amiral sous Louis XV puis Louis XVI.<\/strong> Il s\u2019illustre dans la<strong> bataille de la baie de Chesapeake<\/strong>. Cette victoire navale emp\u00eache la flotte britannique de secourir les troupes du g\u00e9n\u00e9ral Cornwallis, ce qui m\u00e8ne \u00e0 la <strong>reddition britannique et \u00e0 la fin de la guerre d\u2019ind\u00e9pendance des \u00c9tats-Uni<\/strong>s. <\/p>\n<p>Plusieurs b\u00e2timents ont port\u00e9 son nom, en France et aux \u00c9tats-Unis.<\/p>\n","protected":false},"excerpt":{"rendered":"\u00a9 S. Foliot &#8211; La c\u00e9r\u00e9monie de prise de commandement se tenait \u00e0 la Tour royale, aux monuments&hellip;\n","protected":false},"author":2,"featured_media":116888,"comment_status":"","ping_status":"","sticky":false,"template":"","format":"standard","meta":{"footnotes":""},"categories":[9619],"tags":[1111,11,1777,674,1011,27,567,12,882,25,2310],"class_list":{"0":"post-116887","1":"post","2":"type-post","3":"status-publish","4":"format-standard","5":"has-post-thumbnail","7":"category-toulon","8":"tag-actu","9":"tag-actualites","10":"tag-eu","11":"tag-europe","12":"tag-fr","13":"tag-france","14":"tag-marine-nationale","15":"tag-news","16":"tag-provence-alpes-cote-dazur","17":"tag-republique-francaise","18":"tag-toulon"},"share_on_mastodon":{"url":"https:\/\/pubeurope.com\/@fr\/114545913115750407","error":""},"_links":{"self":[{"href":"https:\/\/www.europesays.com\/fr\/wp-json\/wp\/v2\/posts\/116887","targetHints":{"allow":["GET"]}}],"collection":[{"href":"https:\/\/www.europesays.com\/fr\/wp-json\/wp\/v2\/posts"}],"about":[{"href":"https:\/\/www.europesays.com\/fr\/wp-json\/wp\/v2\/types\/post"}],"author":[{"embeddable":true,"href":"https:\/\/www.europesays.com\/fr\/wp-json\/wp\/v2\/users\/2"}],"replies":[{"embeddable":true,"href":"https:\/\/www.europesays.com\/fr\/wp-json\/wp\/v2\/comments?post=116887"}],"version-history":[{"count":0,"href":"https:\/\/www.europesays.com\/fr\/wp-json\/wp\/v2\/posts\/116887\/revisions"}],"wp:featuredmedia":[{"embeddable":true,"href":"https:\/\/www.europesays.com\/fr\/wp-json\/wp\/v2\/media\/116888"}],"wp:attachment":[{"href":"https:\/\/www.europesays.com\/fr\/wp-json\/wp\/v2\/media?parent=116887"}],"wp:term":[{"taxonomy":"category","embeddable":true,"href":"https:\/\/www.europesays.com\/fr\/wp-json\/wp\/v2\/categories?post=116887"},{"taxonomy":"post_tag","embeddable":true,"href":"https:\/\/www.europesays.com\/fr\/wp-json\/wp\/v2\/tags?post=116887"}],"curies":[{"name":"wp","href":"https:\/\/api.w.org\/{rel}","templated":true}]}}