{"id":1168876,"date":"2026-09-05T12:38:15","date_gmt":"2026-09-05T12:38:15","guid":{"rendered":"https:\/\/www.europesays.com\/fr\/1168876\/"},"modified":"2026-09-05T12:38:15","modified_gmt":"2026-09-05T12:38:15","slug":"en-direct-miss-monde-2026-indira-ampiot-en-quete-de-la-couronne-suivez-la-ceremonie-avec-nous","status":"publish","type":"post","link":"https:\/\/www.europesays.com\/fr\/1168876\/","title":{"rendered":"EN DIRECT &#8211; Miss Monde 2026 : Indira Ampiot en qu\u00eate de la couronne, suivez la c\u00e9r\u00e9monie avec nous"},"content":{"rendered":"<p>La comp\u00e9tition Miss Monde r\u00e9pond \u00e0 une organisation quasi militaire, r\u00e9partie en quatre groupes continentaux : Europe, Am\u00e9riques et Cara\u00efbes, Afrique, Asie et Oc\u00e9anie.<\/p>\n<p>Les 111 candidates ont \u00e9t\u00e9 soumises \u00e0 des \u00e9preuves qualificatives, toujours suivant leurs groupes, afin de gagner leur place dans le top 40 &#8211; 10 places par continent. Seront ensuite annonc\u00e9s un top 20, un top 12 puis un top 6.<\/p>\n","protected":false},"excerpt":{"rendered":"La comp\u00e9tition Miss Monde r\u00e9pond \u00e0 une organisation quasi militaire, r\u00e9partie en quatre groupes continentaux : Europe, Am\u00e9riques&hellip;\n","protected":false},"author":2,"featured_media":1168877,"comment_status":"","ping_status":"","sticky":false,"template":"","format":"standard","meta":{"footnotes":"","_share_on_mastodon":"0"},"categories":[8],"tags":[1111,11,1921,58,59,1011,27,68336,120953,1922,2041,133,2040,120954,951],"class_list":["post-1168876","post","type-post","status-publish","format-standard","has-post-thumbnail","category-divertissement","tag-actu","tag-actualites","tag-article-video","tag-divertissement","tag-entertainment","tag-fr","tag-france","tag-indira-ampiot","tag-indira-ampiot-a-la-conquete-de-la-couronne-de-miss-monde-2026","tag-info","tag-medias-et-divertissement","tag-video","tag-video-culture","tag-viet-nam","tag-vietnam"],"share_on_mastodon":{"url":"https:\/\/pubeurope.com\/@fr\/117218476255252222","error":""},"_links":{"self":[{"href":"https:\/\/www.europesays.com\/fr\/wp-json\/wp\/v2\/posts\/1168876","targetHints":{"allow":["GET"]}}],"collection":[{"href":"https:\/\/www.europesays.com\/fr\/wp-json\/wp\/v2\/posts"}],"about":[{"href":"https:\/\/www.europesays.com\/fr\/wp-json\/wp\/v2\/types\/post"}],"author":[{"embeddable":true,"href":"https:\/\/www.europesays.com\/fr\/wp-json\/wp\/v2\/users\/2"}],"replies":[{"embeddable":true,"href":"https:\/\/www.europesays.com\/fr\/wp-json\/wp\/v2\/comments?post=1168876"}],"version-history":[{"count":0,"href":"https:\/\/www.europesays.com\/fr\/wp-json\/wp\/v2\/posts\/1168876\/revisions"}],"wp:featuredmedia":[{"embeddable":true,"href":"https:\/\/www.europesays.com\/fr\/wp-json\/wp\/v2\/media\/1168877"}],"wp:attachment":[{"href":"https:\/\/www.europesays.com\/fr\/wp-json\/wp\/v2\/media?parent=1168876"}],"wp:term":[{"taxonomy":"category","embeddable":true,"href":"https:\/\/www.europesays.com\/fr\/wp-json\/wp\/v2\/categories?post=1168876"},{"taxonomy":"post_tag","embeddable":true,"href":"https:\/\/www.europesays.com\/fr\/wp-json\/wp\/v2\/tags?post=1168876"}],"curies":[{"name":"wp","href":"https:\/\/api.w.org\/{rel}","templated":true}]}}