{"id":1168890,"date":"2026-09-05T12:47:17","date_gmt":"2026-09-05T12:47:17","guid":{"rendered":"https:\/\/www.europesays.com\/fr\/1168890\/"},"modified":"2026-09-05T12:47:17","modified_gmt":"2026-09-05T12:47:17","slug":"lasse-boucle-un-coup-de-genie-pour-remplir-son-stade","status":"publish","type":"post","link":"https:\/\/www.europesays.com\/fr\/1168890\/","title":{"rendered":"L&rsquo;ASSE boucle un coup de g\u00e9nie pour remplir son stade"},"content":{"rendered":"<p><b>L&rsquo;ASSE est en feu en ce d\u00e9but de saison et compte sur ses nombreux fans pour venir remplir les trav\u00e9es de Geoffroy-Guichard. Les Verts ont apparemment trouv\u00e9 une parade pour remplir leur stade \u00e0 coup s\u00fbr ou presque.<\/b><\/p>\n<p>L&rsquo;<a href=\"https:\/\/www.foot01.com\/st-etienne\/asse-avec-cathro-les-recruteurs-vivent-un-enfer\" target=\"_self\" rel=\"nofollow noopener\">AS Saint-\u00c9tienne<\/a> est bien d\u00e9cid\u00e9e \u00e0 remonter en Ligue 1 dans quelques mois et veut se donner tous les moyens d&rsquo;y parvenir. Cela passera par des r\u00e9sultats sur le terrain, mais \u00e9galement en dehors. Les fans du club auront \u00e9videmment un r\u00f4le \u00e0 jouer tout au long de cette saison. Mais, comme pas mal de clubs, l&rsquo;ASSE est aujourd&rsquo;hui victime de si\u00e8ges vides les jours de match. Afin d&rsquo;\u00e9viter les pertes, les Verts ont mis en place une technique qui saura faire parler les amoureux du club.L&rsquo;ASSE ne laisse rien au hasard<\/p>\n<p>Ces derni\u00e8res heures, le m\u00e9dia Sportune indique en effet que l&rsquo;AS Saint-\u00c9tienne a depuis peu mis en place un nouveau dispositif qui met en valeur les places encore disponibles \u00e0 la pause de ses rencontres jou\u00e9es \u00e0 domicile. Un dispositif qui porte le nom de \u00ab Billet Late \u00bb et qui autorise les fans sans billet \u00e0 se rendre \u00e0 Geoffroy-Guichard \u00e0 partir de la pause, \u00e0 un tarif pr\u00e9f\u00e9rentiel. \u00c0 noter que cette offre est activ\u00e9e \u00e0 l&rsquo;heure de jeu des rencontres \u00e0 domicile. Les tickets disponibles le sont en tribune Henri-Point. Reste \u00e0 savoir si cette id\u00e9e sera p\u00e9renne et maintenue de mani\u00e8re permanente \u00e0 l&rsquo;avenir.<\/p>\n<p>En tout cas, nul doute que cette offre saura int\u00e9resser quelques fans des Verts, qui veulent plus que jamais voir leur club remonter dans l&rsquo;\u00e9lite. Ce samedi \u00e0 20 heures, les hommes d&rsquo;Ian Cathro re\u00e7oivent d&rsquo;ailleurs Montpellier \u00e0 Geoffroy-Guichard. Un adversaire en forme qui aura des arguments \u00e0 faire valoir pour contrarier les Verts, qui r\u00e9alisent pour le moment un sans-faute en <a href=\"https:\/\/www.foot01.com\/ligue2\" title=\"Ligue 2\" rel=\"nofollow noopener\" target=\"_blank\">Ligue 2<\/a>.<\/p>\n","protected":false},"excerpt":{"rendered":"L&rsquo;ASSE est en feu en ce d\u00e9but de saison et compte sur ses nombreux fans pour venir remplir&hellip;\n","protected":false},"author":2,"featured_media":1168891,"comment_status":"","ping_status":"","sticky":false,"template":"","format":"standard","meta":{"footnotes":"","_share_on_mastodon":"0"},"categories":[9653],"tags":[1111,11,461,2430,1777,674,1011,27,446,1434,12,25,4001],"class_list":["post-1168890","post","type-post","status-publish","format-standard","has-post-thumbnail","category-saint-etienne","tag-actu","tag-actualites","tag-asse","tag-auvergne-rhone-alpes","tag-eu","tag-europe","tag-fr","tag-france","tag-ligue-2","tag-mercato","tag-news","tag-republique-francaise","tag-saint-etienne"],"share_on_mastodon":{"url":"","error":""},"_links":{"self":[{"href":"https:\/\/www.europesays.com\/fr\/wp-json\/wp\/v2\/posts\/1168890","targetHints":{"allow":["GET"]}}],"collection":[{"href":"https:\/\/www.europesays.com\/fr\/wp-json\/wp\/v2\/posts"}],"about":[{"href":"https:\/\/www.europesays.com\/fr\/wp-json\/wp\/v2\/types\/post"}],"author":[{"embeddable":true,"href":"https:\/\/www.europesays.com\/fr\/wp-json\/wp\/v2\/users\/2"}],"replies":[{"embeddable":true,"href":"https:\/\/www.europesays.com\/fr\/wp-json\/wp\/v2\/comments?post=1168890"}],"version-history":[{"count":0,"href":"https:\/\/www.europesays.com\/fr\/wp-json\/wp\/v2\/posts\/1168890\/revisions"}],"wp:featuredmedia":[{"embeddable":true,"href":"https:\/\/www.europesays.com\/fr\/wp-json\/wp\/v2\/media\/1168891"}],"wp:attachment":[{"href":"https:\/\/www.europesays.com\/fr\/wp-json\/wp\/v2\/media?parent=1168890"}],"wp:term":[{"taxonomy":"category","embeddable":true,"href":"https:\/\/www.europesays.com\/fr\/wp-json\/wp\/v2\/categories?post=1168890"},{"taxonomy":"post_tag","embeddable":true,"href":"https:\/\/www.europesays.com\/fr\/wp-json\/wp\/v2\/tags?post=1168890"}],"curies":[{"name":"wp","href":"https:\/\/api.w.org\/{rel}","templated":true}]}}