{"id":1168908,"date":"2026-09-05T12:59:28","date_gmt":"2026-09-05T12:59:28","guid":{"rendered":"https:\/\/www.europesays.com\/fr\/1168908\/"},"modified":"2026-09-05T12:59:28","modified_gmt":"2026-09-05T12:59:28","slug":"une-valeur-un-peu-symbolique-vainqueur-du-derby-a-grenoble-annecy-confirme-son-bon-debut-de-saison","status":"publish","type":"post","link":"https:\/\/www.europesays.com\/fr\/1168908\/","title":{"rendered":"\u00ab\u00a0Une valeur un peu symbolique\u00a0\u00bb : vainqueur du derby \u00e0 Grenoble, Annecy confirme son bon d\u00e9but de saison"},"content":{"rendered":"<p>Le derby, c&rsquo;est pour Annecy ! Ce vendredi 4 septembre, lors du multiplex de la <a href=\"https:\/\/www.foot-national.com\/data\/resultat-ligue2.html\" rel=\"nofollow noopener\" target=\"_blank\">cinqui\u00e8me journ\u00e9e de Ligue 2<\/a>, le club haut-savoyard a remport\u00e9 le derby des Alpes sur la pelouse de Grenoble (2-1). En Is\u00e8re, Thibault Rambaud a allum\u00e9 la premi\u00e8re m\u00e8che en cours de deuxi\u00e8me p\u00e9riode (66e), avant que le Grenoblois Samba L\u00e9l\u00e9 Diba parvienne \u00e0 lui r\u00e9pondre (74e, 1-1). Mais le mot de la fin en est donc revenu \u00e0 l&rsquo;Ann\u00e9cien Paul Venot, buteur d\u00e9cisif \u00e0 l&rsquo;entr\u00e9e du temps additionnel (90+1e, 1-2) pour la plus grande joie de son entra\u00eeneur Laurent Guyot.<\/p>\n<p>\u00ab\u00a0On est \u00e9videmment content. Il y a une valeur un peu symbolique aussi puisque la saison du centenaire, on est venu chercher notre centi\u00e8me victoire du club en professionnel ici ce (vendredi) soir\u00a0\u00bb, a savour\u00e9 le coach du FCA, dans des propos relay\u00e9s par <a href=\"https:\/\/www.ledauphine.com\/sport\/2026\/09\/04\/l-arbitre-n-a-pas-fait-preuve-de-discernement-les-reactions-apres-la-victoire-du-fc-annecy-face-au-gf38\" rel=\"nofollow noopener\" target=\"_blank\">Le Dauphin\u00e9 Lib\u00e9r\u00e9<\/a>. Son effectif, qui a d\u00fb dig\u00e9rer le <a href=\"https:\/\/www.foot-national.com\/mercato\/ligue-2-yanis-issoufou-quitte-montpellier-pour-langleterre-un-depart-inattendu-a-annecy-955082\" rel=\"nofollow noopener\" target=\"_blank\">d\u00e9part inattendu du d\u00e9fenseur Axel Drouhin<\/a> quelques heures plus t\u00f4t, a su \u00ab\u00a0se remobiliser et \u00e0 faire le match qu&rsquo;il fallait\u00a0\u00bb face au GF38. \u00ab\u00a0Heureux d&rsquo;avoir 10 points\u00a0\u00bb apr\u00e8s cinq journ\u00e9es, Annecy confirme son excellente entame de saison (3 victoire, 1 nul et 1 d\u00e9faite) pendant que son voisin replonge.<\/p>\n<p>\u00ab\u00a0On va dans le bon sens\u00a0\u00bb<\/p>\n<p>Une semaine apr\u00e8s avoir remport\u00e9 son premier match (\u00e0 Laval, 3-0), Grenoble a subi son troisi\u00e8me revers. \u00ab\u00a0Tr\u00e8s d\u00e9\u00e7u\u00a0\u00bb pour ses joueurs et ses supporters, l&rsquo;entra\u00eeneur is\u00e9rois Olivier Frapolli a estim\u00e9 que son \u00e9quipe avait \u00e9t\u00e9 \u00ab\u00a0\u00e0 la hauteur du derby\u00a0\u00bb malgr\u00e9 les absences, notamment sur le plan offensif. L&rsquo;ancien coach lavallois a \u00e9galement point\u00e9 du doigt l&rsquo;arbitrage. \u00ab\u00a0Je voudrais aussi revenir sur la fin du match. Car selon moi, il y a une grosse charge de Rambaud sur Cl\u00e9ment (Vidal) et l\u2019arbitre aurait d\u00fb siffler faute. Il n\u2019a pas fait preuve de discernement alors qu\u2019on jouait la 90e minute\u00a0\u00bb, a-t-il regrett\u00e9, toujours aupr\u00e8s du Dauphin\u00e9 Lib\u00e9r\u00e9.<\/p>\n<p>Malgr\u00e9 tout, Olivier Frapolli a souhait\u00e9 rester positif : \u00ab\u00a0Cela peut para\u00eetre paradoxal, mais je trouve que l\u2019on va dans le bon sens. Je suis assez content de ce qu\u2019on a produit, surtout en seconde p\u00e9riode.\u00a0\u00bb \u00c0 confimer lors de la prochaine journ\u00e9e \u00e0 Rodez (vendredi, 20h) pendant qu&rsquo;Annecy sera \u00e0 Guingamp le lendemain (samedi, 14h).<\/p>\n<p>Partagez cette info avec vos amis et vos proches en cliquant ici<br \/>Pour r\u00e9sumer<\/p>\n<p>Ce vendredi 4 septembre, Annecy a remport\u00e9 le derby des Alpes sur la pelouse de Grenoble, dans le cadre de la cinqui\u00e8me journ\u00e9e de Ligue 2. Un succ\u00e8s de prestige pour les hommes de Laurent Guyot, qui ont confirm\u00e9 dans l&rsquo;Is\u00e8re leur excellent d\u00e9but de saison.<\/p>\n<p> <img decoding=\"async\" width=\"76\" height=\"76\" loading=\"lazy\" src=\"https:\/\/www.europesays.com\/fr\/wp-content\/uploads\/2025\/04\/logo-florian-sermaise.jpg\" alt=\"Florian Sermaise\"\/><\/p>\n","protected":false},"excerpt":{"rendered":"Le derby, c&rsquo;est pour Annecy ! Ce vendredi 4 septembre, lors du multiplex de la cinqui\u00e8me journ\u00e9e de&hellip;\n","protected":false},"author":2,"featured_media":1168909,"comment_status":"","ping_status":"","sticky":false,"template":"","format":"standard","meta":{"footnotes":"","_share_on_mastodon":"0"},"categories":[9566],"tags":[1111,11,2430,1777,674,1011,27,2731,59995,12,25],"class_list":["post-1168908","post","type-post","status-publish","format-standard","has-post-thumbnail","category-grenoble","tag-actu","tag-actualites","tag-auvergne-rhone-alpes","tag-eu","tag-europe","tag-fr","tag-france","tag-grenoble","tag-ligue-2-actus","tag-news","tag-republique-francaise"],"share_on_mastodon":{"url":"https:\/\/pubeurope.com\/@fr\/117218560709152071","error":""},"_links":{"self":[{"href":"https:\/\/www.europesays.com\/fr\/wp-json\/wp\/v2\/posts\/1168908","targetHints":{"allow":["GET"]}}],"collection":[{"href":"https:\/\/www.europesays.com\/fr\/wp-json\/wp\/v2\/posts"}],"about":[{"href":"https:\/\/www.europesays.com\/fr\/wp-json\/wp\/v2\/types\/post"}],"author":[{"embeddable":true,"href":"https:\/\/www.europesays.com\/fr\/wp-json\/wp\/v2\/users\/2"}],"replies":[{"embeddable":true,"href":"https:\/\/www.europesays.com\/fr\/wp-json\/wp\/v2\/comments?post=1168908"}],"version-history":[{"count":0,"href":"https:\/\/www.europesays.com\/fr\/wp-json\/wp\/v2\/posts\/1168908\/revisions"}],"wp:featuredmedia":[{"embeddable":true,"href":"https:\/\/www.europesays.com\/fr\/wp-json\/wp\/v2\/media\/1168909"}],"wp:attachment":[{"href":"https:\/\/www.europesays.com\/fr\/wp-json\/wp\/v2\/media?parent=1168908"}],"wp:term":[{"taxonomy":"category","embeddable":true,"href":"https:\/\/www.europesays.com\/fr\/wp-json\/wp\/v2\/categories?post=1168908"},{"taxonomy":"post_tag","embeddable":true,"href":"https:\/\/www.europesays.com\/fr\/wp-json\/wp\/v2\/tags?post=1168908"}],"curies":[{"name":"wp","href":"https:\/\/api.w.org\/{rel}","templated":true}]}}