{"id":1168910,"date":"2026-09-05T13:01:36","date_gmt":"2026-09-05T13:01:36","guid":{"rendered":"https:\/\/www.europesays.com\/fr\/1168910\/"},"modified":"2026-09-05T13:01:36","modified_gmt":"2026-09-05T13:01:36","slug":"saint-erblon-neuf-nouveaux-enseignants-ont-fait-leur-rentree-au-college-saint-paul","status":"publish","type":"post","link":"https:\/\/www.europesays.com\/fr\/1168910\/","title":{"rendered":"Saint-Erblon. Neuf nouveaux enseignants ont fait leur rentr\u00e9e au coll\u00e8ge Saint-Paul"},"content":{"rendered":"<p>Mardi matin, 484\u00a0\u00e9l\u00e8ves ont effectu\u00e9 leur rentr\u00e9e au coll\u00e8ge Saint-Paul, qui accueillait \u00e9galement de nouveaux professeurs. Marie-Rosa Bellon Payer, Sandrine Bordeau Callegari, Patrice Collet, Louise Danielou, Marion Doret Aubertot, Ana\u00eblle Guguen, Jihad Hajjaji, \u00c9lodie Huet et Dandan Liu int\u00e8grent ainsi l\u2019\u00e9quipe p\u00e9dagogique de l\u2019\u00e9tablissement.<\/p>\n<p>Parmi les nouveaut\u00e9s de cette ann\u00e9e, on note le renforcement de l\u2019accompagnement des \u00e9l\u00e8ves sur tous les niveaux et la constitution d\u2019une \u00e9quipe de responsables de niveau \u00a0afin de favoriser l\u2019accueil et le lien avec les \u00e9l\u00e8ves et les familles, de renforcer le suivi des \u00e9l\u00e8ves et de soutenir les projets propos\u00e9s par les \u00e9quipes enseignantes\u00a0\u00bb,explique Siona Roques, directrice adjointe.<\/p>\n<p>\u00ab\u00a0Le portable est un outil puissant et dangereux\u00a0\u00bb<\/p>\n<p>L\u2019\u00e9tablissement assure que la canicule de juin n\u2019a pas eu de r\u00e9elles incidences sur la bonne tenue des cours. \u00a0Les locaux sont r\u00e9cents et bien isol\u00e9s, les salles au nord sont fra\u00eeches\u00a0\u00bb, d\u00e9taille la directrice adjointe.<\/p>\n<p>Concernant l\u2019usage du t\u00e9l\u00e9phone, \u00a0au coll\u00e8ge c\u2019est interdit.Le portable est un outil puissant et dangereux\u00a0, mart\u00e8le Yannick Touz\u00e9, directeur des coll\u00e8ges de Bruz et Saint-Erblon. Une information sera diffus\u00e9e \u00a0lors de l\u2019assembl\u00e9e g\u00e9n\u00e9rale de rentr\u00e9e devant les parents d\u2019\u00e9l\u00e8ves de 6e\u00a0, compl\u00e8te Siona Roques.<\/p>\n<p>\u00a0<\/p>\n","protected":false},"excerpt":{"rendered":"Mardi matin, 484\u00a0\u00e9l\u00e8ves ont effectu\u00e9 leur rentr\u00e9e au coll\u00e8ge Saint-Paul, qui accueillait \u00e9galement de nouveaux professeurs. Marie-Rosa Bellon&hellip;\n","protected":false},"author":2,"featured_media":1168911,"comment_status":"","ping_status":"","sticky":false,"template":"","format":"standard","meta":{"footnotes":"","_share_on_mastodon":"0"},"categories":[2821],"tags":[1111,11,829,1124,11271,1777,674,21,1011,27,12,2845,3086,584,28313,25,38436,5290],"class_list":["post-1168910","post","type-post","status-publish","format-standard","has-post-thumbnail","category-rennes","tag-actu","tag-actualites","tag-bretagne","tag-college","tag-enseignants","tag-eu","tag-europe","tag-fait","tag-fr","tag-france","tag-news","tag-nouveaux","tag-redon","tag-rennes","tag-rentree","tag-republique-francaise","tag-saint-erblon","tag-saint-paul"],"share_on_mastodon":{"url":"https:\/\/pubeurope.com\/@fr\/117218566629558747","error":""},"_links":{"self":[{"href":"https:\/\/www.europesays.com\/fr\/wp-json\/wp\/v2\/posts\/1168910","targetHints":{"allow":["GET"]}}],"collection":[{"href":"https:\/\/www.europesays.com\/fr\/wp-json\/wp\/v2\/posts"}],"about":[{"href":"https:\/\/www.europesays.com\/fr\/wp-json\/wp\/v2\/types\/post"}],"author":[{"embeddable":true,"href":"https:\/\/www.europesays.com\/fr\/wp-json\/wp\/v2\/users\/2"}],"replies":[{"embeddable":true,"href":"https:\/\/www.europesays.com\/fr\/wp-json\/wp\/v2\/comments?post=1168910"}],"version-history":[{"count":0,"href":"https:\/\/www.europesays.com\/fr\/wp-json\/wp\/v2\/posts\/1168910\/revisions"}],"wp:featuredmedia":[{"embeddable":true,"href":"https:\/\/www.europesays.com\/fr\/wp-json\/wp\/v2\/media\/1168911"}],"wp:attachment":[{"href":"https:\/\/www.europesays.com\/fr\/wp-json\/wp\/v2\/media?parent=1168910"}],"wp:term":[{"taxonomy":"category","embeddable":true,"href":"https:\/\/www.europesays.com\/fr\/wp-json\/wp\/v2\/categories?post=1168910"},{"taxonomy":"post_tag","embeddable":true,"href":"https:\/\/www.europesays.com\/fr\/wp-json\/wp\/v2\/tags?post=1168910"}],"curies":[{"name":"wp","href":"https:\/\/api.w.org\/{rel}","templated":true}]}}