{"id":1168918,"date":"2026-09-05T13:08:15","date_gmt":"2026-09-05T13:08:15","guid":{"rendered":"https:\/\/www.europesays.com\/fr\/1168918\/"},"modified":"2026-09-05T13:08:15","modified_gmt":"2026-09-05T13:08:15","slug":"il-y-a-eu-un-vrai-changement-de-cap-cet-ete-adversaire-du-mans-fc-nice-veut-rebondir-apres-une-saison-galere","status":"publish","type":"post","link":"https:\/\/www.europesays.com\/fr\/1168918\/","title":{"rendered":"\u00ab\u00a0Il y a eu un vrai changement de cap cet \u00e9t\u00e9\u00a0\u00bb\u00a0: adversaire du Mans FC, Nice veut rebondir apr\u00e8s une saison gal\u00e8re"},"content":{"rendered":"<p>\n                Article premium,<br \/>\n                    R\u00e9serv\u00e9 aux\u00a0abonn\u00e9s\n            <\/p>\n<p class=\"su-standfirst chapeau\">Apr\u00e8s une saison 2025-2026 tr\u00e8s compliqu\u00e9e pour l\u2019OGC Nice, pass\u00e9 \u00e0 un cheveu de la rel\u00e9gation, le club d\u00e9tenu par Ineos veut repartir de l\u2019avant gr\u00e2ce \u00e0 un changement de strat\u00e9gie op\u00e9r\u00e9 cet \u00e9t\u00e9. Face au Mans FC ce samedi 5\u00a0septembre 2026, les Sudistes aimeraient accrocher leur premier succ\u00e8s, eux qui n\u2019ont pas encore marqu\u00e9 sur les deux premi\u00e8res journ\u00e9es de Ligue 1.<\/p>\n<p>                                        <img decoding=\"async\" class=\"su-media\" src=\"https:\/\/media.ouest-france.fr\/v1\/pictures\/MjAyNjA5M2NlM2VjMWRjYjY4NTdjZmMzYTA1NDNiMjZkNTE5NWQ?width=630&amp;height=354&amp;focuspoint=50%2C25&amp;cropresize=1&amp;client_id=bpeditorial&amp;sign=c24094dee34ae32bf5d950bf76c59e7c96b1aac9207f17c54ca342de6b223b55\" alt=\"\u00c0 deux doigts de la rel\u00e9gation lors de la saison 2025-2026, Nice retrouvera ses supporters ce samedi 5\u00a0septembre 2026 face au Mans FC.\"  \/><\/p>\n<p>                            \u00c0 deux doigts de la rel\u00e9gation lors de la saison 2025-2026, Nice retrouvera ses supporters ce samedi 5\u00a0septembre 2026 face au Mans FC. | AFP<\/p>\n<p>                            fermer<\/p>\n<ul class=\"su-row su-carrousel-container su-not-list\" data-suswipe=\"{\" rambo=\"\" .carrousel-nav-bas=\"\" .item=\"\">\n<li class=\"su-col-xs-6 su-col-md-24 carrousel-contenu su-carrousel-item\" data-ofvwidth=\"{\" mobileonly=\"\"><img decoding=\"async\" data-ofmaxheight=\"\" class=\"su-media lazyload\" alt=\"\u00c0 deux doigts de la rel\u00e9gation lors de la saison 2025-2026, Nice retrouvera ses supporters ce samedi 5\u00a0septembre 2026 face au Mans FC.\" src=\"data:image\/png;base64,iVBORw0KGgoAAAANSUhEUgAAABAAAAAJCAYAAAA7KqwyAAAAGXRFWHRTb2Z0d2FyZQBBZG9iZSBJbWFnZVJlYWR5ccllPAAAABhJREFUeNpi\/P\/\/PwMlgHHUgFEDgAAgwAD+lBrvy+NcxAAAAABJRU5ErkJggg==\" data-oflazyload=\"{&quot;srcset&quot;:&quot;https:\/\/media.ouest-france.fr\/v1\/pictures\/MjAyNjA5M2NlM2VjMWRjYjY4NTdjZmMzYTA1NDNiMjZkNTE5NWQ?width=320&amp;focuspoint=50%2C25&amp;cropresize=1&amp;client_id=bpeditorial&amp;sign=73455e7e3b2e34fbe15213402ddab36d1d39864347fce4016cfc628d2f2a3497 320w,https:\/\/media.ouest-france.fr\/v1\/pictures\/MjAyNjA5M2NlM2VjMWRjYjY4NTdjZmMzYTA1NDNiMjZkNTE5NWQ?width=375&amp;focuspoint=50%2C25&amp;cropresize=1&amp;client_id=bpeditorial&amp;sign=e448b4c5449f8e3b1758dfab4f55b6a1a77fe519068ab34fd8b5ad541fd295f6 360w,https:\/\/media.ouest-france.fr\/v1\/pictures\/MjAyNjA5M2NlM2VjMWRjYjY4NTdjZmMzYTA1NDNiMjZkNTE5NWQ?width=480&amp;focuspoint=50%2C25&amp;cropresize=1&amp;client_id=bpeditorial&amp;sign=35a35b657699dc331196676b38a88e45cec0d1c23da18964f487df4417f91dae 480w,https:\/\/media.ouest-france.fr\/v1\/pictures\/MjAyNjA5M2NlM2VjMWRjYjY4NTdjZmMzYTA1NDNiMjZkNTE5NWQ?width=630&amp;focuspoint=50%2C25&amp;cropresize=1&amp;client_id=bpeditorial&amp;sign=3c52085926cc86853ed40759a76c8fd0e9748fda7be119266680368204a639a3 630w,https:\/\/media.ouest-france.fr\/v1\/pictures\/MjAyNjA5M2NlM2VjMWRjYjY4NTdjZmMzYTA1NDNiMjZkNTE5NWQ?width=940&amp;focuspoint=50%2C25&amp;cropresize=1&amp;client_id=bpeditorial&amp;sign=0ba2195ea635f2baaab861b4e02e45f68d7faf558bb98688faaa9e1d6e018df8 940w,https:\/\/media.ouest-france.fr\/v1\/pictures\/MjAyNjA5M2NlM2VjMWRjYjY4NTdjZmMzYTA1NDNiMjZkNTE5NWQ?width=1260&amp;focuspoint=50%2C25&amp;cropresize=1&amp;client_id=bpeditorial&amp;sign=9c4c72d4b0477ebb11cd6209f6969eebe7c81f8ddd36d9c4edc5d7e399e2c355 1260w&quot;}\"\/>\u00c0 deux doigts de la rel\u00e9gation lors de la saison 2025-2026, Nice retrouvera ses supporters ce samedi 5\u00a0septembre 2026 face au Mans FC. | AFP<\/li>\n<\/ul>\n<p data-ofstats-scroll=\"read_depth_20\">Le 22\u00a0mai 2026, l\u2019OGC Nice jouait la finale de la Coupe de France au stade de France, perdue contre le RC Lens\u00a0(3-1). Un tr\u00e8s beau parcours dans la comp\u00e9tition, mais en fait le parfait exemple de l\u2019arbre qui cache la for\u00eat. Cette finale intervenait quelques jours avant la double confrontation du barrage pour se maintenir en Ligue 1, jou\u00e9 contre Saint-\u00c9tienne et remport\u00e9 4-1 au match retour. L\u2019\u00e9pilogue d\u2019une tr\u00e8s mauvaise saison, qui aurait pu \u00eatre catastrophique en cas de rel\u00e9gation pour le club d\u00e9tenu par Ineos et son patron Jim Ratcliff.<\/p>\n<p data-ofstats-scroll=\"read_depth_20\"><strong>+ LIRE AUSSI<\/strong>\u00a0<a href=\"https:\/\/www.ouest-france.fr\/sport\/football\/le-mans-fc\/un-nouveau-joueur-bresilien-du-coritiba-fc-devrait-rejoindre-le-mans-fc-en-ligue-1-e80ecab8-a6e1-11f1-8a27-1e0c4eb5e395\" target=\"_self\" rel=\"nofollow noopener\">Un nouveau joueur br\u00e9silien du Coritiba FC devrait rejoindre Le Mans FC en Ligue 1<\/a><\/p>\n<p>Voil\u00e0 pour le pass\u00e9, mais le Gym n\u2019est peut-\u00eatre plus tout \u00e0 fait&#8230;<\/p>\n<p style=\"text-align: center; background-color: #dbbe4d; padding-top: 5px; padding-bottom: 5px; font-size: 14px;\"><strong>D\u00e9j\u00e0 abonn\u00e9 ? <\/strong><a data-trkartmonet=\"Identification\" data-trk-sipa=\"{\" blockcategory=\"\" paywall=\"\" href=\"http:\/\/www.ouest-france.fr\/login?redirect=https:\/\/www.ouest-france.fr\/sport\/football\/le-mans-fc\/il-y-a-eu-un-vrai-changement-de-cap-cet-ete-adversaire-du-mans-fc-nice-veut-rebondir-apres-une-saison-galere-da3ddc78-a842-11f1-a3f7-c4f38a0eaa1c\" rel=\"nofollow noopener\" title=\"Se connecter \u00e0 Ouest-France\" class=\"su-link-light\" target=\"_blank\">Connectez-vous<\/a><\/p>\n<p style=\"text-align: center; padding-top: 15px; padding-bottom: 8px; vertical-align: bottom;\">bloqu\u00e9<strong> Pour lire la suite, abonnez-vous<\/strong><\/p>\n<p style=\"text-align: center;\"><strong>1er mois \u00e0 1\u20ac<\/strong><\/p>\n<p style=\"text-align: center; margin-top: -5px;\">Annulable \u00e0 tout moment<\/p>\n<p style=\"text-align: center;\">\u00a0<\/p>\n<p style=\"text-align: center;\"><a data-ida=\"\" data-trkartmonet=\"Tunnel OF+\" data-trk-sipa=\"{&#010;\" blockcategory=\"\" paywall=\"\" :=\"\" m=\"\" of=\"\" class=\"su-button su-subscription\" data-trk-bloc=\"paywall\" href=\"https:\/\/abonnement.ouest-france.fr\/le-maine-libre\/tunnel\/pack-essentiel-article\/122096116099?int_medium=lien&amp;int_campaign=PWFR0225-ML&amp;int_content=page-article-payant_boutonjaune-paywall&amp;marquesource=ML&amp;rt=https:\/\/www.ouest-france.fr\/sport\/football\/le-mans-fc\/il-y-a-eu-un-vrai-changement-de-cap-cet-ete-adversaire-du-mans-fc-nice-veut-rebondir-apres-une-saison-galere-da3ddc78-a842-11f1-a3f7-c4f38a0eaa1c\" rel=\"nofollow noopener\" target=\"_blank\"><strong>Je m&rsquo;abonne<\/strong><\/a><\/p>\n<p style=\"text-align: center; padding-top: 10px; padding-bottom: 10px;\"><img decoding=\"async\" src=\"https:\/\/media.ouest-france.fr\/v1\/fonts\/be7723fcee3f1866f1ce99184077fc6f-carte-bancaire.svg?height=36\" alt=\"CB\"\/>\u00a0\u00a0<img decoding=\"async\" src=\"https:\/\/media.ouest-france.fr\/v1\/fonts\/1819d54c599d8afa64539cfba4ac9dde-rib.svg?height=36\" alt=\"RIB\"\/><\/p>\n","protected":false},"excerpt":{"rendered":"Article premium, R\u00e9serv\u00e9 aux\u00a0abonn\u00e9s Apr\u00e8s une saison 2025-2026 tr\u00e8s compliqu\u00e9e pour l\u2019OGC Nice, pass\u00e9 \u00e0 un cheveu de&hellip;\n","protected":false},"author":2,"featured_media":1168919,"comment_status":"","ping_status":"","sticky":false,"template":"","format":"standard","meta":{"footnotes":"","_share_on_mastodon":"0"},"categories":[2819],"tags":[1111,11,1777,674,63,1011,27,2191,40797,12,2401,2268,882,25,96],"class_list":["post-1168918","post","type-post","status-publish","format-standard","has-post-thumbnail","category-nice","tag-actu","tag-actualites","tag-eu","tag-europe","tag-football","tag-fr","tag-france","tag-le-mans","tag-le-mans-fc","tag-news","tag-nice","tag-ogc-nice","tag-provence-alpes-cote-dazur","tag-republique-francaise","tag-une"],"share_on_mastodon":{"url":"https:\/\/pubeurope.com\/@fr\/117218596630997649","error":""},"_links":{"self":[{"href":"https:\/\/www.europesays.com\/fr\/wp-json\/wp\/v2\/posts\/1168918","targetHints":{"allow":["GET"]}}],"collection":[{"href":"https:\/\/www.europesays.com\/fr\/wp-json\/wp\/v2\/posts"}],"about":[{"href":"https:\/\/www.europesays.com\/fr\/wp-json\/wp\/v2\/types\/post"}],"author":[{"embeddable":true,"href":"https:\/\/www.europesays.com\/fr\/wp-json\/wp\/v2\/users\/2"}],"replies":[{"embeddable":true,"href":"https:\/\/www.europesays.com\/fr\/wp-json\/wp\/v2\/comments?post=1168918"}],"version-history":[{"count":0,"href":"https:\/\/www.europesays.com\/fr\/wp-json\/wp\/v2\/posts\/1168918\/revisions"}],"wp:featuredmedia":[{"embeddable":true,"href":"https:\/\/www.europesays.com\/fr\/wp-json\/wp\/v2\/media\/1168919"}],"wp:attachment":[{"href":"https:\/\/www.europesays.com\/fr\/wp-json\/wp\/v2\/media?parent=1168918"}],"wp:term":[{"taxonomy":"category","embeddable":true,"href":"https:\/\/www.europesays.com\/fr\/wp-json\/wp\/v2\/categories?post=1168918"},{"taxonomy":"post_tag","embeddable":true,"href":"https:\/\/www.europesays.com\/fr\/wp-json\/wp\/v2\/tags?post=1168918"}],"curies":[{"name":"wp","href":"https:\/\/api.w.org\/{rel}","templated":true}]}}