{"id":116893,"date":"2025-05-21T12:53:08","date_gmt":"2025-05-21T12:53:08","guid":{"rendered":"https:\/\/www.europesays.com\/fr\/116893\/"},"modified":"2025-05-21T12:53:08","modified_gmt":"2025-05-21T12:53:08","slug":"en-seine-maritime-les-magasins-jennyfer-font-greve","status":"publish","type":"post","link":"https:\/\/www.europesays.com\/fr\/116893\/","title":{"rendered":"en Seine-Maritime, les magasins Jennyfer font gr\u00e8ve"},"content":{"rendered":"<p>            Par<br \/>\n        <strong><br \/>\n            <a href=\"https:\/\/actu.fr\/auteur\/yann-rivallan\" title=\"Consulter tous les articles de Yann Rivallan\" target=\"_blank\" rel=\"noopener\">Yann Rivallan<\/a><br \/>\n        <\/strong><\/p>\n<p>        Publi\u00e9 le<\/p>\n<p>            21 mai 2025 \u00e0 11h45        <\/p>\n<p>L\u2019ambiance est \u00e0 la r\u00e9signation chez <strong>les salari\u00e9s de Jennyfer<\/strong>. \u00c0 en croire Sabrina Tison, d\u00e9l\u00e9gu\u00e9e syndicale Force Ouvri\u00e8re de la marque de pr\u00eat-\u00e0-porter f\u00e9minin, \u00ab\u2009on a l\u2019impression de ne pas \u00eatre entendus\u2009\u00bb. Mercredi 21 mai 2025, depuis 10h, l\u2019ensemble des magasins du pays, dont ceux de la Seine-Maritime, ont initi\u00e9 <strong>un mouvement de gr\u00e8ve<\/strong> pour d\u00e9noncer le d\u00e9roulement de <a href=\"https:\/\/actu.fr\/economie\/jennyfer-bientot-liquidee-voici-la-liste-des-quelque-200-magasins-qui-devraient-fermer-en-france_62580416.html\" target=\"_blank\" rel=\"noopener\">la proc\u00e9dure de liquidation judiciaire<\/a>. Malgr\u00e9 cette fin certaine, \u00ab\u2009on ne nous offre aucune compensation\u2009\u00bb, s\u2019insurge la d\u00e9l\u00e9gu\u00e9e FO.<\/p>\n<p>L\u2019argent rentre \u00ab\u2009forc\u00e9ment\u2009\u00bb<\/p>\n<p class=\" wall-content\">Ce mouvement de gr\u00e8ve, c\u2019est en quelque sorte un ras-le-bol des salari\u00e9s.<\/p>\n<blockquote class=\"ac-article-quote wall-content\">\n<p>On travaille comme des dingues pour z\u00e9ro euro.<\/p>\n<p>    <strong>Sabrina Tison<\/strong><br \/>\n        D\u00e9l\u00e9gu\u00e9e syndicale FO    <\/p><\/blockquote>\n<p class=\" wall-content\">Un travail intense, selon la repr\u00e9sentante du personnel, qui \u00ab\u2009fait forc\u00e9ment rentrer de l\u2019argent\u2009\u00bb.<\/p>\n<p>Les salari\u00e9s demandent une prime d\u2019activit\u00e9<\/p>\n<p class=\" wall-content\">Dans un communiqu\u00e9 conjoint des diff\u00e9rents syndicats repr\u00e9sentatifs du groupe, le personnel r\u00e9clame \u00ab\u2009le versement <strong>d\u2019une prime d\u2019activit\u00e9 exceptionnelle<\/strong> pour les salari\u00e9s ayant travaill\u00e9 jusqu\u2019\u00e0 la fin [de l\u2019activit\u00e9]\u2009\u00bb.<\/p>\n<p class=\" wall-content\">De plus, l\u2019intersyndicale demande \u00ab\u2009une prise en compte\u2009\u00bb de l\u2019investissement des quelque 1\u2009000 salari\u00e9s de l\u2019enseigne, ainsi qu\u2019une \u00ab\u2009communication claire et respectueuse des organes de la proc\u00e9dure\u2009\u00bb, avec qui les \u00e9changes restent \u00ab\u2009l\u00e9gers\u2009\u00bb, pour ne pas dire inexistants, selon Sabrina Tison.<\/p>\n<p class=\" wall-content\">En Seine-Maritime, <strong>cinq magasins sont en passe de fermer<\/strong> leurs portes si aucune offre de reprise n\u2019est trouv\u00e9e avant le 28\u00a0mai. Dans le d\u00e9partement, Jennyfer est implant\u00e9 \u00e0 Rouen, Barentin, Tourville-la-Rivi\u00e8re, Le\u00a0Havre et Montivilliers.<\/p>\n<p>Suivez l\u2019actualit\u00e9 de Rouen <a href=\"https:\/\/www.whatsapp.com\/channel\/0029VaKfnf99hXF2ddApFB1D\" target=\"_blank\" rel=\"noopener\">sur notre cha\u00eene WhatsApp<\/a> et <a href=\"https:\/\/www.tiktok.com\/@76actu.fr?lang=fr\" target=\"_blank\" rel=\"noopener\">sur notre compte TikTok<\/a>Suivez l\u2019actualit\u00e9 du Havre <a href=\"https:\/\/www.whatsapp.com\/channel\/0029VaFqJYE8aKvLBwVrEe0o\" target=\"_blank\" rel=\"noopener\">sur notre cha\u00eene WhatsApp<\/a> et <a href=\"https:\/\/www.tiktok.com\/@76actu.fr?lang=fr\" target=\"_blank\" rel=\"noopener\">sur notre compte TikTok<\/a><\/p>\n<p class=\" wall-content\">Suivez toute l\u2019actualit\u00e9 de vos villes et m\u00e9dias favoris en vous inscrivant \u00e0 <a href=\"https:\/\/moncompte.actu.fr\" title=\"D\u00e9couvez Mon Actu\" rel=\"nofollow noopener\" data-trk=\"{&quot;cta&quot;:{&quot;action&quot;:&quot;https:\\\/\\\/moncompte.actu.fr&quot;,&quot;category&quot;:&quot;mon compte&quot;,&quot;from&quot;:&quot;article footer&quot;,&quot;name&quot;:&quot;Mon actu&quot;,&quot;type&quot;:&quot;cta&quot;}}\" target=\"_blank\">Mon Actu<\/a>.<\/p>\n<p>                    <script async src=\"\/\/www.tiktok.com\/embed.js\"><\/script><\/p>\n","protected":false},"excerpt":{"rendered":"Par Yann Rivallan Publi\u00e9 le 21 mai 2025 \u00e0 11h45 L\u2019ambiance est \u00e0 la r\u00e9signation chez les salari\u00e9s&hellip;\n","protected":false},"author":2,"featured_media":116894,"comment_status":"","ping_status":"","sticky":false,"template":"","format":"standard","meta":{"footnotes":""},"categories":[9587],"tags":[1111,11,215,33,1777,674,1011,27,6151,12,5161,25,9590],"class_list":{"0":"post-116893","1":"post","2":"type-post","3":"status-publish","4":"format-standard","5":"has-post-thumbnail","7":"category-rouen","8":"tag-actu","9":"tag-actualites","10":"tag-commerce","11":"tag-economie","12":"tag-eu","13":"tag-europe","14":"tag-fr","15":"tag-france","16":"tag-greve","17":"tag-news","18":"tag-normandie","19":"tag-republique-francaise","20":"tag-rouen"},"share_on_mastodon":{"url":"https:\/\/pubeurope.com\/@fr\/114545924703469953","error":""},"_links":{"self":[{"href":"https:\/\/www.europesays.com\/fr\/wp-json\/wp\/v2\/posts\/116893","targetHints":{"allow":["GET"]}}],"collection":[{"href":"https:\/\/www.europesays.com\/fr\/wp-json\/wp\/v2\/posts"}],"about":[{"href":"https:\/\/www.europesays.com\/fr\/wp-json\/wp\/v2\/types\/post"}],"author":[{"embeddable":true,"href":"https:\/\/www.europesays.com\/fr\/wp-json\/wp\/v2\/users\/2"}],"replies":[{"embeddable":true,"href":"https:\/\/www.europesays.com\/fr\/wp-json\/wp\/v2\/comments?post=116893"}],"version-history":[{"count":0,"href":"https:\/\/www.europesays.com\/fr\/wp-json\/wp\/v2\/posts\/116893\/revisions"}],"wp:featuredmedia":[{"embeddable":true,"href":"https:\/\/www.europesays.com\/fr\/wp-json\/wp\/v2\/media\/116894"}],"wp:attachment":[{"href":"https:\/\/www.europesays.com\/fr\/wp-json\/wp\/v2\/media?parent=116893"}],"wp:term":[{"taxonomy":"category","embeddable":true,"href":"https:\/\/www.europesays.com\/fr\/wp-json\/wp\/v2\/categories?post=116893"},{"taxonomy":"post_tag","embeddable":true,"href":"https:\/\/www.europesays.com\/fr\/wp-json\/wp\/v2\/tags?post=116893"}],"curies":[{"name":"wp","href":"https:\/\/api.w.org\/{rel}","templated":true}]}}