{"id":1168934,"date":"2026-09-05T13:17:29","date_gmt":"2026-09-05T13:17:29","guid":{"rendered":"https:\/\/www.europesays.com\/fr\/1168934\/"},"modified":"2026-09-05T13:17:29","modified_gmt":"2026-09-05T13:17:29","slug":"ce-village-de-marques-a-30-min-de-marseille-propose-des-bonnes-affaires-a-60-cet-ete","status":"publish","type":"post","link":"https:\/\/www.europesays.com\/fr\/1168934\/","title":{"rendered":"Ce village de marques \u00e0 30 min de Marseille propose des bonnes affaires \u00e0 -60% cet \u00e9t\u00e9\u00a0!"},"content":{"rendered":"<p><strong>Les soldes, c\u2019est bien. Les soldes toute l\u2019ann\u00e9e, c\u2019est mieux. <\/strong>\u00c0 une petite demi-heure de Marseille et d\u2019Aix-en-Provence, un village pas comme les autres attire les amateurs de mode, de bonnes affaires et de vir\u00e9es ensoleill\u00e9es. Entre ruelles proven\u00e7ales, grandes marques \u00e0 prix r\u00e9duits et pause gourmande \u00e0 l\u2019ombre des fontaines, <strong>McArthurGlen Provence transforme la traditionnelle s\u00e9ance shopping en v\u00e9ritable escapade de vacances<\/strong>. Et avec des r\u00e9ductions allant jusqu\u2019\u00e0 -60 % toute l\u2019ann\u00e9e, difficile de ne pas repartir les bras charg\u00e9s.<\/p>\n<p>&#13;<br \/>\nLe paradis des chasseurs de bonnes affaires&#13;<\/p>\n<p>Le concept est simple\u00a0: <strong>retrouver les collections pr\u00e9c\u00e9dentes de grandes marques avec des r\u00e9ductions pouvant aller jusqu\u2019\u00e0 -60% toute l\u2019ann\u00e9e<\/strong>. Une promesse qui fait de McArthurGlen Provence le seul v\u00e9ritable village outlet du sud de la France, o\u00f9 l\u2019on peut renouveler sa garde-robe sans voir son compte bancaire fondre comme une glace en plein mois d\u2019ao\u00fbt.<\/p>\n<p>&#13;<\/p>\n<p>Au programme\u00a0: <strong>plus de 110 enseignes mode, sport, beaut\u00e9 et maison.<\/strong> Parmi elles, Nike, adidas, Levi\u2019s, New Balance, Birkenstock, Rituals ou encore Gertrude. Les plus curieux pourront \u00e9galement d\u00e9couvrir les derni\u00e8res arriv\u00e9es du village, comme Clarins, Crocs ou New Era.<\/p>\n<p>&#13;<br \/>\n&#13;<br \/>\nUn d\u00e9cor qui sent bon les vacances&#13;<\/p>\n<p>Ici, <strong>pas de galerie marchande sans \u00e2me ni de n\u00e9ons agressifs<\/strong>. McArthurGlen Provence a \u00e9t\u00e9 imagin\u00e9 comme <strong>un v\u00e9ritable<\/strong> <strong>village proven\u00e7al, avec ses places, ses fontaines, ses ruelles pi\u00e9tonnes et son architecture<\/strong> inspir\u00e9e du patrimoine local. On fl\u00e2ne d&rsquo;une boutique \u00e0 l&rsquo;autre comme on se prom\u00e8nerait dans un <strong>petit village du Sud, avec le chant des cigales en bande-son<\/strong>.<\/p>\n<p>&#13;<\/p>\n<p><img loading=\"lazy\" decoding=\"async\" src=\"https:\/\/www.europesays.com\/fr\/wp-content\/uploads\/2026\/07\/IMG_3660.jpeg\" width=\"1000\" height=\"1333\" alt=\"\"\/><\/p>\n<p>&#13;<\/p>\n<p>Au c\u0153ur du site, un <strong>ancien mas proven\u00e7al restaur\u00e9 accueille aujourd\u2019hui le restaurant Olivadors<\/strong>, tandis que onze points de restauration permettent de faire une pause gourmande entre deux emplettes. Five Guys, Starbucks, Amorino et bien d&rsquo;autres se chargent de satisfaire toutes les envies, <strong>du d\u00e9jeuner sur le pouce au go\u00fbter bien m\u00e9rit\u00e9<\/strong>.<\/p>\n<p>&#13;<br \/>\n<img loading=\"lazy\" decoding=\"async\" src=\"https:\/\/www.europesays.com\/fr\/wp-content\/uploads\/2026\/09\/IMG_2991.jpeg\" width=\"1000\" height=\"1333\" alt=\"\"\/>&#13;<br \/>\nUne escapade facile depuis Marseille ou Aix&#13;<\/p>\n<p>Bonne nouvelle pour ceux qui n\u2019ont pas envie de prendre la voiture\u00a0: <strong>le village est accessible en train et en bus via la gare de Miramas<\/strong>. Mieux encore, tout l\u2019\u00e9t\u00e9, des navettes directes sont mises en place depuis Marseille et Aix-en-Provence.<\/p>\n<p>&#13;<\/p>\n<p><strong>Du 6 juin au 29 ao\u00fbt, elles circulent plusieurs jours par semaine et comprennent un aller-retour<\/strong>, un pass VIP offrant 10% de r\u00e9duction suppl\u00e9mentaire dans les boutiques participantes, une bouteille d\u2019eau et m\u00eame une petite surprise. Le tout pour 15 \u20ac par personne. <strong>Une fa\u00e7on plut\u00f4t maligne de s\u2019offrir une journ\u00e9e shopping sans stress<\/strong>, sans p\u00e9age et sans chercher une place de parking pendant une demi-heure.<\/p>\n<p>&#13;<\/p>\n<p><a href=\"https:\/\/www.mcarthurglen.com\/fr\/outlets\/fr\/designer-outlet-provence\/\" rel=\"nofollow noopener\" target=\"_blank\"><strong>McArthurGlen Provence<\/strong><\/a><br \/><strong>Mas de la P\u00e9ronne, 13140 Miramas<br \/>Plus de 110 marques, restaurants et caf\u00e9s sur place<\/strong><\/p>\n","protected":false},"excerpt":{"rendered":"Les soldes, c\u2019est bien. Les soldes toute l\u2019ann\u00e9e, c\u2019est mieux. \u00c0 une petite demi-heure de Marseille et d\u2019Aix-en-Provence,&hellip;\n","protected":false},"author":2,"featured_media":1168935,"comment_status":"","ping_status":"","sticky":false,"template":"","format":"standard","meta":{"footnotes":"","_share_on_mastodon":"0"},"categories":[2814],"tags":[1111,11,1777,674,1011,27,884,12,882,25],"class_list":["post-1168934","post","type-post","status-publish","format-standard","has-post-thumbnail","category-marseille","tag-actu","tag-actualites","tag-eu","tag-europe","tag-fr","tag-france","tag-marseille","tag-news","tag-provence-alpes-cote-dazur","tag-republique-francaise"],"share_on_mastodon":{"url":"","error":""},"_links":{"self":[{"href":"https:\/\/www.europesays.com\/fr\/wp-json\/wp\/v2\/posts\/1168934","targetHints":{"allow":["GET"]}}],"collection":[{"href":"https:\/\/www.europesays.com\/fr\/wp-json\/wp\/v2\/posts"}],"about":[{"href":"https:\/\/www.europesays.com\/fr\/wp-json\/wp\/v2\/types\/post"}],"author":[{"embeddable":true,"href":"https:\/\/www.europesays.com\/fr\/wp-json\/wp\/v2\/users\/2"}],"replies":[{"embeddable":true,"href":"https:\/\/www.europesays.com\/fr\/wp-json\/wp\/v2\/comments?post=1168934"}],"version-history":[{"count":0,"href":"https:\/\/www.europesays.com\/fr\/wp-json\/wp\/v2\/posts\/1168934\/revisions"}],"wp:featuredmedia":[{"embeddable":true,"href":"https:\/\/www.europesays.com\/fr\/wp-json\/wp\/v2\/media\/1168935"}],"wp:attachment":[{"href":"https:\/\/www.europesays.com\/fr\/wp-json\/wp\/v2\/media?parent=1168934"}],"wp:term":[{"taxonomy":"category","embeddable":true,"href":"https:\/\/www.europesays.com\/fr\/wp-json\/wp\/v2\/categories?post=1168934"},{"taxonomy":"post_tag","embeddable":true,"href":"https:\/\/www.europesays.com\/fr\/wp-json\/wp\/v2\/tags?post=1168934"}],"curies":[{"name":"wp","href":"https:\/\/api.w.org\/{rel}","templated":true}]}}