{"id":1168936,"date":"2026-09-05T13:19:27","date_gmt":"2026-09-05T13:19:27","guid":{"rendered":"https:\/\/www.europesays.com\/fr\/1168936\/"},"modified":"2026-09-05T13:19:27","modified_gmt":"2026-09-05T13:19:27","slug":"marseille-previsions-meteo-du-samedi-05-septembre-2026","status":"publish","type":"post","link":"https:\/\/www.europesays.com\/fr\/1168936\/","title":{"rendered":"Marseille : pr\u00e9visions m\u00e9t\u00e9o du samedi 05 septembre 2026"},"content":{"rendered":"<p>\u00c0 Marseille, la journ\u00e9e du samedi 5 septembre 2026 sera marqu\u00e9e par une forte chaleur sous un ciel variable. Le vent se renforcera l\u2019apr\u00e8s-midi, tandis que la soir\u00e9e s\u2019annonce plus fra\u00eeche avec un ciel tr\u00e8s nuageux.<\/p>\n<p>    Alerte en cours<\/p>\n<p>Le d\u00e9partement des Bouches-du-Rh\u00f4ne est plac\u00e9 en vigilance <b>Jaune<\/b> pour <b>canicule<\/b> depuis 00 h ce samedi 5 septembre.<\/p>\n<p>Pensez \u00e0 bien vous hydrater, limitez l\u2019exposition au soleil entre 11 h et 18 h, et veillez tout particuli\u00e8rement sur les enfants et les seniors.<\/p>\n<p>Retrouvez les consignes officielles sur <a href=\"https:\/\/www.meteocity.com\/france\/alertes\" rel=\"nofollow noopener\" target=\"_blank\">notre page d\u00e9di\u00e9e aux alertes m\u00e9t\u00e9orologiques<\/a>.<\/p>\n<p>Matin : grand bleu d\u00e8s l\u2019aube<\/p>\n<p>Le soleil s\u2019est lev\u00e9 \u00e0 07 h 06 sur Marseille ; \u00e0 09 h, le ciel est parfaitement d\u00e9gag\u00e9.<\/p>\n<p><b>25 \u00b0C<\/b> au thermom\u00e8tre, ressenti 26 \u00b0C. Humidit\u00e9 \u00e0 57 %. Vent l\u00e9ger de 8 km\/h d\u2019ouest-nord-ouest. Aucun risque de pluie : c\u2019est le moment id\u00e9al pour a\u00e9rer la maison ou faire le march\u00e9.<\/p>\n<ul>\n<li><b>Pression<\/b> : 1 019 hPa, signe d\u2019une atmosph\u00e8re stable.<\/li>\n<li><b>Probabilit\u00e9 de pluie<\/b> : 0 %. Les sols restent secs.<\/li>\n<li><b>Rafales<\/b> insignifiantes, aucune g\u00eane pour les deux-roues.<\/li>\n<\/ul>\n<p>Apr\u00e8s-midi : pic de chaleur et flux de nord-ouest<\/p>\n<p>\u00c0 15 h, le ciel devient variable. Temp\u00e9rature maximale de <b>37 \u00b0C<\/b>, ressenti 33 \u00b0C. Humidit\u00e9 \u00e0 15 %. Vent de nord-ouest \u00e0 24 km\/h, avec des rafales atteignant 49 km\/h.<\/p>\n<p>Il est recommand\u00e9 d\u2019\u00e9viter les efforts physiques et de s\u2019hydrater r\u00e9guli\u00e8rement. Les sols urbains surchauffent, et certaines chauss\u00e9es peuvent se ramollir ; vigilance de mise pour conducteurs et cyclistes.<\/p>\n<p>Ces fortes chaleurs tardives s\u2019inscrivent dans la tendance d\u2019allongement de la saison chaude en M\u00e9diterran\u00e9e, rapport\u00e9e par les derniers rapports du GIEC.<\/p>\n<ul>\n<li><b>Pluie<\/b> : 0 mm, atmosph\u00e8re totalement s\u00e8che.<\/li>\n<li><b>Humidit\u00e9<\/b> tr\u00e8s basse : risque de d\u00e9shydratation rapide.<\/li>\n<li><b>Rafales<\/b> \u00e0 49 km\/h pouvant soulever des poussi\u00e8res littorales.<\/li>\n<\/ul>\n<p>Soir : lourdeur sous un ciel tr\u00e8s nuageux<\/p>\n<p>Le soleil se couchera \u00e0 20 h 06, sous un ciel tr\u00e8s nuageux.<\/p>\n<p>\u00c0 21 h, <b>30 \u00b0C<\/b> ressentis 31 \u00b0C, humidit\u00e9 \u00e0 48 %. Vent faible d\u2019ouest-nord-ouest \u00e0 8 km\/h. Toujours aucune pluie.<\/p>\n<p>La temp\u00e9rature restera sup\u00e9rieure \u00e0 28 \u00b0C jusqu\u2019\u00e0 minuit ; ouvrez les fen\u00eatres apr\u00e8s 22 h pour rafra\u00eechir l\u2019int\u00e9rieur. Pour des id\u00e9es de sorties \u00e0 la fra\u00eeche, consultez <a href=\"https:\/\/www.meteocity.com\/france\/marseille-v2995469\/tourisme\" rel=\"nofollow noopener\" target=\"_blank\">notre page tourisme<\/a>.<\/p>\n<ul>\n<li><b>Pression<\/b> : 1 018 hPa, tendance stable.<\/li>\n<li>Absence de rafales notables : conditions calmes en terrasse.<\/li>\n<li>Aucune activit\u00e9 orageuse d\u00e9tect\u00e9e.<\/li>\n<\/ul>\n<p>Tendance pour dimanche 6 septembre<\/p>\n<p>La masse d\u2019air se rafra\u00eechit l\u00e9g\u00e8rement : maximum pr\u00e9vu \u00e0 <b>32 \u00b0C<\/b>, minimum \u00e0 26 \u00b0C. Ciel tr\u00e8s nuageux, toujours sans pluie. Vent de sud-sud-ouest \u00e0 17 km\/h.<\/p>\n<ul>\n<li><b>Humidit\u00e9 moyenne<\/b> : 56 % \u2014 sensation moite au lever.<\/li>\n<li><b>Rafales<\/b> attendues : 35 km\/h, sous le seuil de vigilance.<\/li>\n<li><b>Pression<\/b> : 1 014 hPa, \u00e9volution lente.<\/li>\n<\/ul>\n<p>Les temp\u00e9ratures resteront encore au-dessus des normales, mais l\u2019intensit\u00e9 de la canicule devrait diminuer. Suivez nos mises \u00e0 jour r\u00e9guli\u00e8res pour confirmer l\u2019\u00e9volution et adapter vos activit\u00e9s.<\/p>\n<p>Bonne journ\u00e9e \u00e0 toutes et \u00e0 tous, et restez prudents sous la chaleur marseillaise !<\/p>\n","protected":false},"excerpt":{"rendered":"\u00c0 Marseille, la journ\u00e9e du samedi 5 septembre 2026 sera marqu\u00e9e par une forte chaleur sous un ciel&hellip;\n","protected":false},"author":2,"featured_media":1168937,"comment_status":"","ping_status":"","sticky":false,"template":"","format":"standard","meta":{"footnotes":"","_share_on_mastodon":"0"},"categories":[2814],"tags":[1111,11,1777,674,1011,27,884,12,882,25],"class_list":["post-1168936","post","type-post","status-publish","format-standard","has-post-thumbnail","category-marseille","tag-actu","tag-actualites","tag-eu","tag-europe","tag-fr","tag-france","tag-marseille","tag-news","tag-provence-alpes-cote-dazur","tag-republique-francaise"],"share_on_mastodon":{"url":"https:\/\/pubeurope.com\/@fr\/117218638043555124","error":""},"_links":{"self":[{"href":"https:\/\/www.europesays.com\/fr\/wp-json\/wp\/v2\/posts\/1168936","targetHints":{"allow":["GET"]}}],"collection":[{"href":"https:\/\/www.europesays.com\/fr\/wp-json\/wp\/v2\/posts"}],"about":[{"href":"https:\/\/www.europesays.com\/fr\/wp-json\/wp\/v2\/types\/post"}],"author":[{"embeddable":true,"href":"https:\/\/www.europesays.com\/fr\/wp-json\/wp\/v2\/users\/2"}],"replies":[{"embeddable":true,"href":"https:\/\/www.europesays.com\/fr\/wp-json\/wp\/v2\/comments?post=1168936"}],"version-history":[{"count":0,"href":"https:\/\/www.europesays.com\/fr\/wp-json\/wp\/v2\/posts\/1168936\/revisions"}],"wp:featuredmedia":[{"embeddable":true,"href":"https:\/\/www.europesays.com\/fr\/wp-json\/wp\/v2\/media\/1168937"}],"wp:attachment":[{"href":"https:\/\/www.europesays.com\/fr\/wp-json\/wp\/v2\/media?parent=1168936"}],"wp:term":[{"taxonomy":"category","embeddable":true,"href":"https:\/\/www.europesays.com\/fr\/wp-json\/wp\/v2\/categories?post=1168936"},{"taxonomy":"post_tag","embeddable":true,"href":"https:\/\/www.europesays.com\/fr\/wp-json\/wp\/v2\/tags?post=1168936"}],"curies":[{"name":"wp","href":"https:\/\/api.w.org\/{rel}","templated":true}]}}