{"id":1168983,"date":"2026-09-05T13:49:19","date_gmt":"2026-09-05T13:49:19","guid":{"rendered":"https:\/\/www.europesays.com\/fr\/1168983\/"},"modified":"2026-09-05T13:49:19","modified_gmt":"2026-09-05T13:49:19","slug":"cezanne-bartholdi-warhol-les-conseils-des-critiques-du-figaro-pour-la-rentree-des-expositions","status":"publish","type":"post","link":"https:\/\/www.europesays.com\/fr\/1168983\/","title":{"rendered":"C\u00e9zanne, Bartholdi, Warhol&#8230; Les conseils des critiques du Figaro pour la rentr\u00e9e des expositions"},"content":{"rendered":"<p>\n    <strong>S\u00c9LECTION &#8211;<\/strong> De C\u00e9zanne \u00e0 Zurbaran, Mary Cassatt ou encore Warhol, cette rentr\u00e9e met \u00e0 l\u2019honneur partout en France une foule d\u2019expositions ambitieuses.<\/p>\n<p>                            Le Tintoret au Mus\u00e9e Jacquemart Andr\u00e9<\/p>\n<p class=\"fig-paragraph\">Regard et barbe jupit\u00e9riens\u00a0: honneur au g\u00e9nie fougueux de la Renaissance v\u00e9nitienne, Jacopo Robusti, dit il Furioso (\u00ab\u00a0le Furieux\u00a0\u00bb), il Terribile (\u00ab\u00a0le Terrible\u00a0\u00bb) ou, plus commun\u00e9ment, il Tintoretto, \u00ab\u00a0le petit teinturier\u00a0\u00bb, en r\u00e9f\u00e9rence au m\u00e9tier de son p\u00e8re. N\u00e9 vers 1518 et mort en 1594, il aura travaill\u00e9 sur la Lagune, longtemps en comp\u00e9tition avec Titien et V\u00e9ron\u00e8se, notamment pour les grandes commandes d\u00e9coratives. Ses meilleures prouesses\u00a0? Les peintures ornant la Scuola Grande di San Rocco et l\u2019immense Paradis conserv\u00e9 au Palais des doges. Face \u00e0 ces ensembles majeurs de l\u2019histoire de l\u2019art, la r\u00e9union annonc\u00e9e d\u2019une quarantaine de toiles et d\u2019\u0153uvres graphiques suffira-t-elle \u00e0 faire une r\u00e9trospective\u00a0? Au moins admirera-t-on la diversit\u00e9 de ce ma\u00eetre, capable de surprenantes audaces techniques tant dans ses sc\u00e8nes bibliques ou mythologiques que dans ses portraits\u00a0: touche apparente et tr\u00e8s enlev\u00e9e, maniement spectaculaire de la lumi\u00e8re, perspectives\u2026<\/p>\n<p class=\"fig-premium-paywall__infos\">\n        Cet article est r\u00e9serv\u00e9 aux abonn\u00e9s.        Il vous reste 95% \u00e0 d\u00e9couvrir.\n    <\/p>\n<p>                <img  data- alt=\"Le Figaro\" class=\"fig-img--complete fig-img\"\/><\/p>\n<p class=\"fig-premium-paywall__title\">Vente Flash<\/p>\n<p class=\"fig-premium-paywall__subtitle\">-70% sur votre abonnement. Sans engagement.<\/p>\n<p class=\"fig-premium-paywall__connect\">\n                D\u00e9j\u00e0 abonn\u00e9\u00a0?                <a class=\"fig-premium-paywall__connect-link\" href=\"https:\/\/connect.lefigaro.fr\/login?client=horizon_web&amp;type=main&amp;redirect_uri=https%3A%2F%2Fwww.lefigaro.fr%2Farts-expositions%2Frentree-des-expositions-les-conseils-de-nos-critiques-20260905\" data-js-gtm=\"{&quot;event&quot;:&quot;customEventGA4&quot;,&quot;eventName&quot;:&quot;click_action&quot;,&quot;feature&quot;:&quot;paywall&quot;,&quot;location&quot;:&quot;paywall&quot;,&quot;button_action&quot;:&quot;connect&quot;,&quot;click_text&quot;:&quot;Connectez-vous&quot;}\" rel=\"nofollow noopener\" target=\"_blank\"><br \/>\n                    Connectez-vous<br \/>\n                <\/a>\n            <\/p>\n","protected":false},"excerpt":{"rendered":"S\u00c9LECTION &#8211; De C\u00e9zanne \u00e0 Zurbaran, Mary Cassatt ou encore Warhol, cette rentr\u00e9e met \u00e0 l\u2019honneur partout en&hellip;\n","protected":false},"author":2,"featured_media":1168984,"comment_status":"","ping_status":"","sticky":false,"template":"","format":"standard","meta":{"footnotes":"","_share_on_mastodon":"0"},"categories":[1358],"tags":[1396,12870,1348,1384,1385,1386,58,59,1011,27,1756],"class_list":["post-1168983","post","type-post","status-publish","format-standard","has-post-thumbnail","category-arts-et-design","tag-art-contemporain","tag-art-moderne","tag-arts","tag-arts-and-design","tag-arts-et-design","tag-design","tag-divertissement","tag-entertainment","tag-fr","tag-france","tag-photographie"],"share_on_mastodon":{"url":"https:\/\/pubeurope.com\/@fr\/117218755585169858","error":""},"_links":{"self":[{"href":"https:\/\/www.europesays.com\/fr\/wp-json\/wp\/v2\/posts\/1168983","targetHints":{"allow":["GET"]}}],"collection":[{"href":"https:\/\/www.europesays.com\/fr\/wp-json\/wp\/v2\/posts"}],"about":[{"href":"https:\/\/www.europesays.com\/fr\/wp-json\/wp\/v2\/types\/post"}],"author":[{"embeddable":true,"href":"https:\/\/www.europesays.com\/fr\/wp-json\/wp\/v2\/users\/2"}],"replies":[{"embeddable":true,"href":"https:\/\/www.europesays.com\/fr\/wp-json\/wp\/v2\/comments?post=1168983"}],"version-history":[{"count":0,"href":"https:\/\/www.europesays.com\/fr\/wp-json\/wp\/v2\/posts\/1168983\/revisions"}],"wp:featuredmedia":[{"embeddable":true,"href":"https:\/\/www.europesays.com\/fr\/wp-json\/wp\/v2\/media\/1168984"}],"wp:attachment":[{"href":"https:\/\/www.europesays.com\/fr\/wp-json\/wp\/v2\/media?parent=1168983"}],"wp:term":[{"taxonomy":"category","embeddable":true,"href":"https:\/\/www.europesays.com\/fr\/wp-json\/wp\/v2\/categories?post=1168983"},{"taxonomy":"post_tag","embeddable":true,"href":"https:\/\/www.europesays.com\/fr\/wp-json\/wp\/v2\/tags?post=1168983"}],"curies":[{"name":"wp","href":"https:\/\/api.w.org\/{rel}","templated":true}]}}