{"id":1168985,"date":"2026-09-05T13:51:20","date_gmt":"2026-09-05T13:51:20","guid":{"rendered":"https:\/\/www.europesays.com\/fr\/1168985\/"},"modified":"2026-09-05T13:51:20","modified_gmt":"2026-09-05T13:51:20","slug":"programme-tv-foot-choc-de-l3-versailles-cannes-a-14h45-inter-naples-a-18h","status":"publish","type":"post","link":"https:\/\/www.europesays.com\/fr\/1168985\/","title":{"rendered":"Programme TV Foot : Choc de L3 Versailles-Cannes \u00e0 14h45, Inter-Naples \u00e0 18h"},"content":{"rendered":"<p><img decoding=\"async\" src=\"https:\/\/www.europesays.com\/fr\/wp-content\/uploads\/2025\/07\/671_07aaed426968c8cf4d769c98c7ab1f21.jpg\" alt=\"Programme TV Foot : Choc de L3 Versailles-Cannes \u00e0 14h45, Inter-Naples \u00e0 18h\" class=\"img-responsive mt-3\"\/><\/p>\n<p class=\"text-center mb-3\" style=\"font-size: 14px\">\u00a9 Iconsport<\/p>\n<p>      <strong>Voici les matchs et \u00e9missions du samedi 5 septembre 2026<\/strong><\/p>\n<p style=\"text-align: justify;\">\u00a0<\/p>\n<p style=\"text-align: justify;\">Le d\u00e9tail du programme TV Foot de cette journ\u00e9e sur les terrains :<\/p>\n<p style=\"text-align: justify;\">\n<p>\u00a0<\/p>\n<p style=\"text-align: justify;\">Restez Connect\u00e9 aux infos des Girondins de Bordeaux gr\u00e2ce \u00e0 WhatsApp. Ne ratez plus aucune information importante. Rejoignez la<strong> <a href=\"https:\/\/whatsapp.com\/channel\/0029VaDygopCRs1h8xNMgI1y\" target=\"_blank\" rel=\"noopener nofollow\">cha\u00eene d&rsquo;information WhatsApp de WebGirondins<\/a><\/strong>. C&rsquo;est gratuit, avec 2 \u00e0 3 infos maximum par jour, r\u00e9sultat, interview, analyses etc.<\/p>\n<p style=\"text-align: justify;\">\u00a0<\/p>\n","protected":false},"excerpt":{"rendered":"\u00a9 Iconsport Voici les matchs et \u00e9missions du samedi 5 septembre 2026 \u00a0 Le d\u00e9tail du programme TV&hellip;\n","protected":false},"author":2,"featured_media":287493,"comment_status":"","ping_status":"","sticky":false,"template":"","format":"standard","meta":{"footnotes":"","_share_on_mastodon":"0"},"categories":[1356],"tags":[7306,2918,3474,58,6251,59,2257,1011,27,10317,3388,16248,5240,3982,395,252,1364,20423],"class_list":["post-1168985","post","type-post","status-publish","format-standard","has-post-thumbnail","category-television","tag-cannes","tag-choc","tag-decouvrez","tag-divertissement","tag-emissions","tag-entertainment","tag-foot","tag-fr","tag-france","tag-inter","tag-matchs","tag-naples","tag-programme","tag-samedi","tag-septembre","tag-television","tag-tv","tag-versailles"],"share_on_mastodon":{"url":"https:\/\/pubeurope.com\/@fr\/117218765113558643","error":""},"_links":{"self":[{"href":"https:\/\/www.europesays.com\/fr\/wp-json\/wp\/v2\/posts\/1168985","targetHints":{"allow":["GET"]}}],"collection":[{"href":"https:\/\/www.europesays.com\/fr\/wp-json\/wp\/v2\/posts"}],"about":[{"href":"https:\/\/www.europesays.com\/fr\/wp-json\/wp\/v2\/types\/post"}],"author":[{"embeddable":true,"href":"https:\/\/www.europesays.com\/fr\/wp-json\/wp\/v2\/users\/2"}],"replies":[{"embeddable":true,"href":"https:\/\/www.europesays.com\/fr\/wp-json\/wp\/v2\/comments?post=1168985"}],"version-history":[{"count":0,"href":"https:\/\/www.europesays.com\/fr\/wp-json\/wp\/v2\/posts\/1168985\/revisions"}],"wp:featuredmedia":[{"embeddable":true,"href":"https:\/\/www.europesays.com\/fr\/wp-json\/wp\/v2\/media\/287493"}],"wp:attachment":[{"href":"https:\/\/www.europesays.com\/fr\/wp-json\/wp\/v2\/media?parent=1168985"}],"wp:term":[{"taxonomy":"category","embeddable":true,"href":"https:\/\/www.europesays.com\/fr\/wp-json\/wp\/v2\/categories?post=1168985"},{"taxonomy":"post_tag","embeddable":true,"href":"https:\/\/www.europesays.com\/fr\/wp-json\/wp\/v2\/tags?post=1168985"}],"curies":[{"name":"wp","href":"https:\/\/api.w.org\/{rel}","templated":true}]}}