{"id":116899,"date":"2025-05-21T12:56:08","date_gmt":"2025-05-21T12:56:08","guid":{"rendered":"https:\/\/www.europesays.com\/fr\/116899\/"},"modified":"2025-05-21T12:56:08","modified_gmt":"2025-05-21T12:56:08","slug":"grenoble-pour-aider-les-familles-sans-logement-la-mairie-passe-a-letape-superieure","status":"publish","type":"post","link":"https:\/\/www.europesays.com\/fr\/116899\/","title":{"rendered":"Grenoble. Pour aider les familles sans logement, la mairie \u00ab\u00a0passe \u00e0 l&rsquo;\u00e9tape sup\u00e9rieure\u00a0\u00bb"},"content":{"rendered":"<p>            Par<br \/>\n        <strong><br \/>\n            <a href=\"https:\/\/actu.fr\/auteur\/lisa-rodrigues\" title=\"Consulter tous les articles de Lisa Rodrigues\" rel=\"nofollow noopener\" target=\"_blank\">Lisa Rodrigues<\/a><br \/>\n        <\/strong><\/p>\n<p>        Publi\u00e9 le<\/p>\n<p>            21 mai 2025 \u00e0 14h48        <\/p>\n<p>Trop de personnes \u00e0 la rue, alors qu\u2019environ 1 750 logements sont vacants \u00e0 Grenoble. C\u2019est \u00e0 partir de ce constat que la Ville a d\u00e9cid\u00e9 de <strong>frapper fort<\/strong>.<br \/>La mairie a \u00e9crit il y a quelques jours \u00e0 la pr\u00e9f\u00e8te de l\u2019Is\u00e8re, <a href=\"https:\/\/actu.fr\/politique\/isere-catherine-seguin-est-la-nouvelle-prefete-du-departement-voici-son-parcours_61843063.html\" rel=\"nofollow noopener\" target=\"_blank\">Catherine S\u00e9guin<\/a>, pour lui demander de <strong>r\u00e9quisitionner des logements vacants<\/strong> pour mettre \u00e0 l\u2019abri des familles sans domicile. En cas de refus, l\u2019\u00e9quipe d\u2019<a href=\"https:\/\/actu.fr\/tag\/eric-piolle\" rel=\"nofollow noopener\" target=\"_blank\">\u00c9ric Piolle<\/a> (Les \u00c9cologistes) a affirm\u00e9, en marge du conseil municipal du lundi 19 mai, qu\u2019elle prendra les devants et assurera elle-m\u00eame la r\u00e9quisition de logements.\u00a0<\/p>\n<p class=\" wall-content\">\n<p class=\" wall-content\">\u00ab\u00a0En 2022, on a d\u00e9j\u00e0 port\u00e9 une d\u00e9lib\u00e9ration pour lancer la possibilit\u00e9 de r\u00e9quisitionner des logements vacants pour le compte de la pr\u00e9fecture\u00a0\u00bb, rembobine C\u00e9line Deslattes, conseill\u00e8re d\u00e9l\u00e9gu\u00e9e \u00e0 la grande pr\u00e9carit\u00e9, contact\u00e9e par actu Grenoble. \u00ab\u00a0L\u00e0, on est pass\u00e9 \u00e0 l\u2019\u00e9tape sup\u00e9rieure, car <strong>ce n\u2019est plus tenable<\/strong>.\u00a0\u00bb\u00a0<\/p>\n<p>Un arr\u00eat\u00e9 qui pourrait \u00eatre pris d\u2019ici d\u00e9but juin<\/p>\n<p class=\" wall-content\">En <a href=\"https:\/\/actu.fr\/auvergne-rhone-alpes\/grenoble_38185\/grenoble-victoire-pour-la-mairie-d-eric-piolle-qui-fait-plier-l-etat-sur-un-dossier-sensible_62425003.html\" rel=\"nofollow noopener\" target=\"_blank\">mars dernier<\/a>, le tribunal administratif de Grenoble a d\u00e9j\u00e0 condamn\u00e9 l\u2019\u00c9tat \u00e0 indemniser la Ville pour l\u2019avance de frais de mises \u00e0 l\u2019abri de familles.\u00a0<\/p>\n<p class=\" wall-content\">Une d\u00e9cision qui a encourag\u00e9 l\u2019\u00e9quipe municipale \u00e0 aller plus loin et \u00e0 brandir cette possibilit\u00e9 de prendre un <strong>arr\u00eat\u00e9 municipal<\/strong> pour r\u00e9quisitionner les logements vacants. \u00ab\u00a0C\u2019est une proc\u00e9dure tr\u00e8s encadr\u00e9e\u00a0\u00bb enclench\u00e9e dans le cadre \u00ab\u00a0d\u2019une urgence sociale\u00a0\u00bb pour mettre \u00e0 l\u2019abri de personnes vuln\u00e9rables, insiste C\u00e9line Deslattes.<\/p>\n<p>La proc\u00e9dure de r\u00e9quisition d&rsquo;un logement<\/p>\n<p>La r\u00e9quisition de logement est encadr\u00e9e par la loi et ne peut, normalement, \u00eatre r\u00e9alis\u00e9e que par un repr\u00e9sentant de l&rsquo;\u00c9tat, comme le pr\u00e9fet. Elle donne forc\u00e9ment lieu \u00e0 une indemnisation du propri\u00e9taire. <br \/>Dans le cas de Grenoble, si la mairie venait \u00e0 s&#8217;emparer du sujet, elle prendrait en charge cette indemnisation, ainsi que les fluides et les assurances des logements.<\/p>\n<p class=\" wall-content\">La pr\u00e9fecture ayant normalement la comp\u00e9tence sur le sujet, la Ville de Grenoble lui a donc envoy\u00e9 un courrier pour lui demander d\u2019activer cette proc\u00e9dure, pour le moment <strong>rest\u00e9 sans r\u00e9ponse<\/strong>. Contact\u00e9e par <a href=\"https:\/\/actu.fr\/grenoble\/\" rel=\"nofollow noopener\" target=\"_blank\">actu Grenoble<\/a>, la pr\u00e9fecture de l\u2019Is\u00e8re indique n\u2019avoir \u00ab\u00a0pas de commentaires \u00e0 faire\u00a0\u00bb sur le sujet.<\/p>\n<p class=\" wall-content\">L\u2019arr\u00eat\u00e9 municipal est pr\u00eat et, sans retour de la pr\u00e9fecture, pourrait \u00eatre publi\u00e9 \u00ab\u00a0<strong>dans les trois semaines<\/strong> \u00e0 venir\u00a0\u00bb, estime C\u00e9line Deslattes.<\/p>\n<p>Des familles h\u00e9berg\u00e9es dans les \u00e9coles<\/p>\n<p class=\" wall-content\">Toutefois, la conseill\u00e8re d\u00e9l\u00e9gu\u00e9e l\u2019assure, \u00ab\u00a0il est hors de question qu\u2019en r\u00e9quisitionnant les logements, on mette\u00a0en danger des familles\u00a0\u00bb en proposant aux personnes vuln\u00e9rables des <a href=\"https:\/\/actu.fr\/auvergne-rhone-alpes\/grenoble_38185\/grenoble-un-permis-pour-louer-un-appartement-mis-en-place-ce-qui-va-changer_60620742.html\" rel=\"nofollow noopener\" target=\"_blank\">habitations insalubres<\/a>, ou en r\u00e9quisitionnant des logements qui s\u2019appr\u00eatent \u00e0 \u00eatre lou\u00e9s.\u00a0<\/p>\n<p class=\" wall-content\">Ces logements pourraient b\u00e9n\u00e9ficier aux sept familles (soit environ 60 personnes, adultes et enfants) actuellement h\u00e9berg\u00e9es dans diff\u00e9rentes \u00e9coles de la ville.<\/p>\n<blockquote class=\"ac-article-quote wall-content\">\n<p>Depuis trois ans, 80 familles ont \u00e9t\u00e9 h\u00e9berg\u00e9es et accompagn\u00e9es par des parents d&rsquo;\u00e9l\u00e8ves volontaires. Les familles dorment dans les salles de motricit\u00e9, donc elles doivent sortir \u00e0 6h pour le m\u00e9nage et ne reviennent que le soir&#8230;<\/p>\n<p>    <strong>C\u00e9line Deslattes<\/strong><br \/>\n        Conseill\u00e8re d\u00e9l\u00e9gu\u00e9e \u00e0 la grande pr\u00e9carit\u00e9 de Grenoble    <\/p><\/blockquote>\n<p>\u00ab\u00a0On attend les actes\u00a0\u00bb<\/p>\n<p class=\" wall-content\">Alors forc\u00e9ment, la r\u00e9quisition de logement est salu\u00e9e par les repr\u00e9sentants des parents d\u2019\u00e9l\u00e8ves et des collectifs prenant en charge les familles dans les \u00e9coles.<\/p>\n<p class=\" wall-content\">\u00ab\u00a0C\u2019est un <strong>d\u00e9but de r\u00e9ponse<\/strong>. On se r\u00e9jouit de cela, mais on attend les actes\u00a0\u00bb, indique \u00e0 la r\u00e9daction Samira Dadache, secr\u00e9taire d\u00e9partementale de la FCPE et administratrice nationale de l\u2019association en charge de la question des enfants \u00e0 la rue.\u00a0<\/p>\n<p class=\" wall-content\">Si la FCPE travaille de concert avec la mairie \u2013 et depuis peu avec <a href=\"https:\/\/actu.fr\/tag\/grenoble-alpes-metropole\" rel=\"nofollow noopener\" target=\"_blank\">Grenoble-Alpes M\u00e9tropole<\/a> \u2013 sur l\u2019accompagnement des familles sans abri, \u00ab\u00a0on aimerait bien que la pr\u00e9f\u00e8te s\u2019empare du sujet et que le D\u00e9partement fasse aussi son travail de protection de l\u2019enfance. On se retrouve quand m\u00eame avec plusieurs mamans et enfants \u00e0 la rue !\u00a0\u00bb<\/p>\n<p>Plus de 200 enfants \u00e0 la rue \u00e0 Grenoble<\/p>\n<p class=\" wall-content\">Selon le d\u00e9compte de la mairie, <strong>4 400 personnes<\/strong> sont aujourd\u2019hui sans domicile fixe \u00e0 <a href=\"https:\/\/actu.fr\/auvergne-rhone-alpes\/grenoble_38185\" rel=\"nofollow noopener\" target=\"_blank\">Grenoble<\/a>. Parmi eux, ils sont 1 200 \u00e0 vivre \u00e0 la rue, dont 240 enfants. Et les chiffres ne s\u2019am\u00e9liorent pas.<\/p>\n<blockquote class=\"ac-article-quote wall-content\">\n<p>On a de plus en plus de femmes seules avec des enfants. Encore la semaine derni\u00e8re, on a eu trois jeunes femmes qui vivaient \u00e0 la rue, dont une \u00e9tait sur le point d&rsquo;accoucher.<\/p>\n<p>    <strong>C\u00e9line Deslattes<\/strong><br \/>\n        Conseill\u00e8re d\u00e9l\u00e9gu\u00e9e \u00e0 la grande pr\u00e9carit\u00e9 de Grenoble    <\/p><\/blockquote>\n<p class=\" wall-content\">C\u2019est normalement de la comp\u00e9tence de l\u2019\u00c9tat de g\u00e9rer les h\u00e9bergements d\u2019urgence et les mises \u00e0 l\u2019abri de personnes vuln\u00e9rables, notamment des mineurs. Un r\u00f4le qu\u2019il \u00ab\u00a0ne joue pas\u00a0\u00bb, ass\u00e8ne l\u2019\u00e9lue.<\/p>\n<p class=\" wall-content\">Suivez toute l\u2019actualit\u00e9 de vos villes et m\u00e9dias favoris en vous inscrivant \u00e0 <a href=\"https:\/\/moncompte.actu.fr\" title=\"D\u00e9couvez Mon Actu\" rel=\"nofollow noopener\" data-trk=\"{&quot;cta&quot;:{&quot;action&quot;:&quot;https:\\\/\\\/moncompte.actu.fr&quot;,&quot;category&quot;:&quot;mon compte&quot;,&quot;from&quot;:&quot;article footer&quot;,&quot;name&quot;:&quot;Mon actu&quot;,&quot;type&quot;:&quot;cta&quot;}}\" target=\"_blank\">Mon Actu<\/a>.<\/p>\n","protected":false},"excerpt":{"rendered":"Par Lisa Rodrigues Publi\u00e9 le 21 mai 2025 \u00e0 14h48 Trop de personnes \u00e0 la rue, alors qu\u2019environ&hellip;\n","protected":false},"author":2,"featured_media":116900,"comment_status":"","ping_status":"","sticky":false,"template":"","format":"standard","meta":{"footnotes":""},"categories":[9566],"tags":[1111,11,2430,9607,1777,674,1011,27,2731,1116,1908,12,25,104],"class_list":{"0":"post-116899","1":"post","2":"type-post","3":"status-publish","4":"format-standard","5":"has-post-thumbnail","7":"category-grenoble","8":"tag-actu","9":"tag-actualites","10":"tag-auvergne-rhone-alpes","11":"tag-eric-piolle","12":"tag-eu","13":"tag-europe","14":"tag-fr","15":"tag-france","16":"tag-grenoble","17":"tag-immobilier","18":"tag-logement","19":"tag-news","20":"tag-republique-francaise","21":"tag-societe"},"share_on_mastodon":{"url":"https:\/\/pubeurope.com\/@fr\/114545936543420960","error":""},"_links":{"self":[{"href":"https:\/\/www.europesays.com\/fr\/wp-json\/wp\/v2\/posts\/116899","targetHints":{"allow":["GET"]}}],"collection":[{"href":"https:\/\/www.europesays.com\/fr\/wp-json\/wp\/v2\/posts"}],"about":[{"href":"https:\/\/www.europesays.com\/fr\/wp-json\/wp\/v2\/types\/post"}],"author":[{"embeddable":true,"href":"https:\/\/www.europesays.com\/fr\/wp-json\/wp\/v2\/users\/2"}],"replies":[{"embeddable":true,"href":"https:\/\/www.europesays.com\/fr\/wp-json\/wp\/v2\/comments?post=116899"}],"version-history":[{"count":0,"href":"https:\/\/www.europesays.com\/fr\/wp-json\/wp\/v2\/posts\/116899\/revisions"}],"wp:featuredmedia":[{"embeddable":true,"href":"https:\/\/www.europesays.com\/fr\/wp-json\/wp\/v2\/media\/116900"}],"wp:attachment":[{"href":"https:\/\/www.europesays.com\/fr\/wp-json\/wp\/v2\/media?parent=116899"}],"wp:term":[{"taxonomy":"category","embeddable":true,"href":"https:\/\/www.europesays.com\/fr\/wp-json\/wp\/v2\/categories?post=116899"},{"taxonomy":"post_tag","embeddable":true,"href":"https:\/\/www.europesays.com\/fr\/wp-json\/wp\/v2\/tags?post=116899"}],"curies":[{"name":"wp","href":"https:\/\/api.w.org\/{rel}","templated":true}]}}