{"id":1169006,"date":"2026-09-05T14:04:24","date_gmt":"2026-09-05T14:04:24","guid":{"rendered":"https:\/\/www.europesays.com\/fr\/1169006\/"},"modified":"2026-09-05T14:04:24","modified_gmt":"2026-09-05T14:04:24","slug":"saint-etienne-encore-deux-voitures-incendiees-au-parc-giron-un-phenomene-qui-pourrit-la-vie-des-habitants","status":"publish","type":"post","link":"https:\/\/www.europesays.com\/fr\/1169006\/","title":{"rendered":"Saint-\u00c9tienne. Encore deux voitures incendi\u00e9es au Parc Giron, un ph\u00e9nom\u00e8ne qui pourrit la vie des habitants"},"content":{"rendered":"<p>La rentr\u00e9e, d\u00e9j\u00e0 synonyme en g\u00e9n\u00e9ral de nombreux frais, aura un go\u00fbt encore plus amer pour ces deux automobilistes st\u00e9phanois qui ont eu la d\u00e9sagr\u00e9able surprise de retrouver leur v\u00e9hicule totalement incendi\u00e9.<\/p>\n<p>Le sinistre, tr\u00e8s vraisemblablement d\u2019origine criminelle, s\u2019est produit au Parc Giron, plus pr\u00e9cis\u00e9ment au niveau du 15 rue de la Richelandi\u00e8re, juste en face du magasin Intermarch\u00e9.<\/p>\n<p>Ce sont deux v\u00e9hicules Citro\u00ebn qui ont \u00e9t\u00e9 enti\u00e8rement d\u00e9truits par les flammes, a priori dans la nuit de jeudi \u00e0 vendredi\u00a0: ce vendredi \u00e0 midi, une forte odeur de br\u00fbl\u00e9 s\u2019\u00e9chappait encore des deux carcasses.<\/p>\n<p>  Les flammes se sont propag\u00e9es \u00e0 une haie<\/p>\n<p>Dans l\u2019immeuble au pied duquel les deux voitures \u00e9taient stationn\u00e9es, les habitants, et notamment ceux du rez-de-chauss\u00e9e, ont d\u00fb avoir une belle frayeur car les flammes se sont propag\u00e9es \u00e0 une haie situ\u00e9e juste sous les fen\u00eatres, sans heureusement atteindre la fa\u00e7ade.<\/p>\n<p>Ces incendies de v\u00e9hicules sont malheureusement r\u00e9currents \u00e0 Saint-\u00c9tienne, pourrissant la vie de nombreux habitants qui n\u2019ont pas la chance d\u2019avoir un garage.<\/p>\n","protected":false},"excerpt":{"rendered":"La rentr\u00e9e, d\u00e9j\u00e0 synonyme en g\u00e9n\u00e9ral de nombreux frais, aura un go\u00fbt encore plus amer pour ces deux&hellip;\n","protected":false},"author":2,"featured_media":1169007,"comment_status":"","ping_status":"","sticky":false,"template":"","format":"standard","meta":{"footnotes":"","_share_on_mastodon":"0"},"categories":[9653],"tags":[1111,11,2430,271,272,7539,1777,674,274,1011,27,12,25,4001,7538],"class_list":["post-1169006","post","type-post","status-publish","format-standard","has-post-thumbnail","category-saint-etienne","tag-actu","tag-actualites","tag-auvergne-rhone-alpes","tag-crime","tag-delit-et-contravention","tag-edition-loire-sud","tag-eu","tag-europe","tag-faits-divers-justice","tag-fr","tag-france","tag-news","tag-republique-francaise","tag-saint-etienne","tag-saint-etienne-ville"],"share_on_mastodon":{"url":"https:\/\/pubeurope.com\/@fr\/117218814697074510","error":""},"_links":{"self":[{"href":"https:\/\/www.europesays.com\/fr\/wp-json\/wp\/v2\/posts\/1169006","targetHints":{"allow":["GET"]}}],"collection":[{"href":"https:\/\/www.europesays.com\/fr\/wp-json\/wp\/v2\/posts"}],"about":[{"href":"https:\/\/www.europesays.com\/fr\/wp-json\/wp\/v2\/types\/post"}],"author":[{"embeddable":true,"href":"https:\/\/www.europesays.com\/fr\/wp-json\/wp\/v2\/users\/2"}],"replies":[{"embeddable":true,"href":"https:\/\/www.europesays.com\/fr\/wp-json\/wp\/v2\/comments?post=1169006"}],"version-history":[{"count":0,"href":"https:\/\/www.europesays.com\/fr\/wp-json\/wp\/v2\/posts\/1169006\/revisions"}],"wp:featuredmedia":[{"embeddable":true,"href":"https:\/\/www.europesays.com\/fr\/wp-json\/wp\/v2\/media\/1169007"}],"wp:attachment":[{"href":"https:\/\/www.europesays.com\/fr\/wp-json\/wp\/v2\/media?parent=1169006"}],"wp:term":[{"taxonomy":"category","embeddable":true,"href":"https:\/\/www.europesays.com\/fr\/wp-json\/wp\/v2\/categories?post=1169006"},{"taxonomy":"post_tag","embeddable":true,"href":"https:\/\/www.europesays.com\/fr\/wp-json\/wp\/v2\/tags?post=1169006"}],"curies":[{"name":"wp","href":"https:\/\/api.w.org\/{rel}","templated":true}]}}