{"id":1169008,"date":"2026-09-05T14:06:19","date_gmt":"2026-09-05T14:06:19","guid":{"rendered":"https:\/\/www.europesays.com\/fr\/1169008\/"},"modified":"2026-09-05T14:06:19","modified_gmt":"2026-09-05T14:06:19","slug":"asse-saint-etienne-pense-deja-a-la-coupe-du-monde-2038","status":"publish","type":"post","link":"https:\/\/www.europesays.com\/fr\/1169008\/","title":{"rendered":"ASSE : Saint-Etienne pense d\u00e9j\u00e0 \u00e0 la Coupe du monde 2038"},"content":{"rendered":"<p class=\"PDq2pG_selectionAnchorContainer\" data-start=\"72\" data-end=\"432\"><strong>Apr\u00e8s douze ann\u00e9es d&rsquo;utilisation, la pelouse de Geoffroy-Guichard a \u00e9t\u00e9 enti\u00e8rement renouvel\u00e9e cet \u00e9t\u00e9. Saint-\u00c9tienne M\u00e9tropole a consacr\u00e9 2,3 millions d&rsquo;euros \u00e0 ce chantier de deux mois. Derri\u00e8re cette r\u00e9novation se cache surtout un changement de technologie : le Chaudron dispose d\u00e9sormais d&rsquo;un syst\u00e8me d&rsquo;irrigation encore tr\u00e8s rare dans les stades fran\u00e7ais et vise des rencontres pour la coupe du monde 2038.<\/strong><\/p>\n<p data-start=\"434\" data-end=\"1270\">Les travaux ont d\u00e9but\u00e9 le 1er juin, au lendemain du Match des H\u00e9ros organis\u00e9 le 31 mai \u00e0 Geoffroy-Guichard. La pr\u00e9c\u00e9dente pelouse arrivait au terme d&rsquo;un cycle particuli\u00e8rement long et Saint-\u00c9tienne M\u00e9tropole a profit\u00e9 de son remplacement pour revoir la structure du terrain. Le chantier ne s&rsquo;est donc pas limit\u00e9 \u00e0 poser un nouveau gazon. L&rsquo;objectif \u00e9tait \u00e9galement de r\u00e9duire la consommation d&rsquo;eau et de mieux contr\u00f4ler les conditions dans lesquelles la pelouse \u00e9volue tout au long de la saison. Pour y parvenir, une technologie baptis\u00e9e Aquaflow a \u00e9t\u00e9 install\u00e9e sous le terrain. Anna Silve, responsable marketing de Natural Grass, en explique le principe sur <a href=\"https:\/\/www.tl7.fr\/actualites-loire\/actualite\/actualite_1\/geoffroy-guichard-une-nouvelle-pelouse-plus-econome-en-eau_14720.html\" rel=\"nofollow noopener\" target=\"_blank\">TL7<\/a> : \u00ab\u00a0C&rsquo;est un syst\u00e8me d&rsquo;irrigation pour pelouse de sport qui fonctionne en circuit ferm\u00e9 et qui repose sur ce qu&rsquo;on appelle la subirrigation, c&rsquo;est-\u00e0-dire l&rsquo;irrigation par le sol.\u00a0\u00bb<\/p>\n<p>ASSE : une nouvelle technologie sous Geoffroy-Guichard<\/p>\n<p data-start=\"1331\" data-end=\"1730\">Le fonctionnement tranche avec l&rsquo;arrosage traditionnel visible avant les rencontres. Une r\u00e9serve d&rsquo;eau se situe d\u00e9sormais sous la pelouse et son niveau peut \u00eatre ajust\u00e9 selon les besoins du gazon. \u00ab\u00a0On peut faire monter cette nappe d&rsquo;eau ou la faire descendre. En fonction des besoins de la pelouse, on ajuste le niveau d&rsquo;eau et la pelouse va aller se nourrir par capillarit\u00e9\u00a0\u00bb, d\u00e9taille Anna Silve.<\/p>\n<p>\n    SOUTENEZ PEUPLE VERT\n  <\/p>\n<p>\n    Vous appr\u00e9ciez nos contenus ?\n  <\/p>\n<p>\n    Votre abonnement aide \u00e0 financer un m\u00e9dia ind\u00e9pendant consacr\u00e9 \u00e0 l&rsquo;ASSE, tout en vous offrant une lecture sans publicit\u00e9.\n  <\/p>\n<p>\n    Sans publicit\u00e9<br \/>\n    Lecture plus fluide<br \/>\n    M\u00e9dia ind\u00e9pendant<br \/>\n    D\u00e8s 2,99 \u20ac\/mois\n  <\/p>\n<p>  <a href=\"https:\/\/peuple-vert.fr\/abonnement-souscription\/?utm_source=site&amp;utm_medium=article&amp;utm_campaign=abo_sans_pub&amp;utm_content=milieu_article\" style=\"display:inline-block;background:#c6b278;color:#1b1b1b!important;text-decoration:none!important;padding:14px 26px;border-radius:8px;font-size:16px;font-weight:800;text-transform:uppercase;\" rel=\"nofollow noopener\" target=\"_blank\"><br \/>\n    Je soutiens Peuple Vert<br \/>\n  <\/a><\/p>\n<p data-start=\"1732\" data-end=\"2022\">Le syst\u00e8me doit notamment inciter les racines \u00e0 aller chercher l&rsquo;eau plus profond\u00e9ment. \u00ab\u00a0Quand on va faire monter la nappe d&rsquo;eau jusqu&rsquo;au niveau des racines, les racines vont aller creuser en profondeur pour aller se nourrir d&rsquo;eau directement dans l&rsquo;eau qui est contenue dans le terrain.\u00a0\u00bb<\/p>\n<p data-start=\"2024\" data-end=\"2418\">Le circuit ferm\u00e9 doit permettre d&rsquo;adapter la quantit\u00e9 d&rsquo;eau issue du r\u00e9seau aux besoins r\u00e9els de la pelouse. Des capteurs compl\u00e8tent le dispositif. Ils recueillent en temps r\u00e9el diff\u00e9rentes donn\u00e9es agronomiques et donnent aux \u00e9quipes charg\u00e9es du terrain la possibilit\u00e9 d&rsquo;intervenir avec davantage de pr\u00e9cision. L&rsquo;irrigation peut notamment \u00eatre ajust\u00e9e selon les diff\u00e9rentes zones de la pelouse.<\/p>\n<p>Geoffroy-Guichard veut aussi limiter les maladies du gazon<\/p>\n<p data-start=\"2483\" data-end=\"2794\">La r\u00e9duction de la consommation d&rsquo;eau n&rsquo;est pas le seul objectif de cet investissement de 2,3 millions d&rsquo;euros. Arroser une pelouse par le dessus durant les \u00e9pisodes de forte chaleur maintient les feuilles humides. Associ\u00e9e \u00e0 des temp\u00e9ratures nocturnes \u00e9lev\u00e9es, cette humidit\u00e9 peut favoriser certaines maladies.<\/p>\n<p data-start=\"2796\" data-end=\"3106\">Jos\u00e9 Machado, responsable du site de Geoffroy-Guichard, souligne l&rsquo;int\u00e9r\u00eat du nouveau proc\u00e9d\u00e9 : \u00ab\u00a0Le fait d&rsquo;arroser quand on a de fortes canicules par le dessus, avec des temp\u00e9ratures nocturnes tr\u00e8s fortes, va venir mouiller la feuille. C&rsquo;est ce temps d&rsquo;humectation avec la chaleur qui va cr\u00e9er des maladies.\u00a0\u00bb<\/p>\n<p data-start=\"3108\" data-end=\"3475\">La subirrigation doit r\u00e9duire ce ph\u00e9nom\u00e8ne puisque l&rsquo;essentiel de l&rsquo;apport en eau s&rsquo;effectue directement sous la surface. \u00ab\u00a0Aujourd&rsquo;hui, on va arroser plus par le bas, on va apporter de l&rsquo;eau aux besoins de la racine. On r\u00e9duit \u00e9norm\u00e9ment le risque. L&rsquo;id\u00e9e, c&rsquo;est de r\u00e9duire le risque phytosanitaire en cassant un peu tout ce qui le favorise\u00a0\u00bb, poursuit Jos\u00e9 Machado.<\/p>\n<p data-start=\"3477\" data-end=\"3672\">Pour l&rsquo;ASSE, l&rsquo;int\u00e9r\u00eat est aussi sportif. La ma\u00eetrise de l&rsquo;humidit\u00e9 et de l&rsquo;irrigation doit contribuer \u00e0 conserver une surface plus r\u00e9guli\u00e8re au fil des saisons et des conditions m\u00e9t\u00e9orologiques.<\/p>\n<p>ASSE : le Chaudron pense d\u00e9j\u00e0 \u00e0 la Coupe du monde 2038<\/p>\n<p data-start=\"3733\" data-end=\"3978\">Cette technologie reste peu r\u00e9pandue dans les enceintes fran\u00e7aises. Geoffroy-Guichard devient seulement le deuxi\u00e8me stade en France \u00e0 utiliser ce syst\u00e8me, apr\u00e8s Jean-Bouin \u00e0 Paris. Un nouveau statut qui d\u00e9passe le cadre des rencontres de l&rsquo;ASSE.<\/p>\n<p data-start=\"3980\" data-end=\"4337\">Saint-\u00c9tienne M\u00e9tropole inscrit en effet cette r\u00e9novation dans une r\u00e9flexion \u00e0 beaucoup plus long terme autour de Geoffroy-Guichard. La collectivit\u00e9 affiche notamment l&rsquo;ambition de positionner le stade st\u00e9phanois parmi les enceintes susceptibles d&rsquo;accueillir la Coupe du monde 2038, si la France (et l&rsquo;Allemagne ?) venait \u00e0 \u00eatre concern\u00e9e par l&rsquo;organisation de la comp\u00e9tition.<\/p>\n<p data-start=\"4339\" data-end=\"4801\">Avant cette \u00e9ch\u00e9ance encore lointaine et hypoth\u00e9tique, la nouvelle pelouse va surtout accompagner le quotidien des Verts. Les joueurs de Ian Cathro disposent d\u00e9sormais d&rsquo;un terrain enti\u00e8rement r\u00e9nov\u00e9, douze ans apr\u00e8s la pr\u00e9c\u00e9dente installation. Un investissement cons\u00e9quent pour Saint-\u00c9tienne M\u00e9tropole, avec une priorit\u00e9 affich\u00e9e : mieux ma\u00eetriser la consommation d&rsquo;eau sans d\u00e9grader les exigences sportives li\u00e9es \u00e0 l&rsquo;utilisation r\u00e9guli\u00e8re de Geoffroy-Guichard.<\/p>\n<p><a href=\"https:\/\/google.com\/preferences\/source?q=peuple-vert.fr\" rel=\"nofollow noopener\" target=\"_blank\"><img loading=\"lazy\" decoding=\"async\" class=\"alignnone size-full wp-image-182981 aligncenter\" src=\"data:image\/svg+xml,%3Csvg%20xmlns=\" http:=\"\" alt=\"\" width=\"400\" height=\"113\" data-lazy-src=\"https:\/\/www.europesays.com\/fr\/wp-content\/uploads\/2026\/05\/Banniere-source-google-PV-2.webp\"\/><\/a><\/p>\n","protected":false},"excerpt":{"rendered":"Apr\u00e8s douze ann\u00e9es d&rsquo;utilisation, la pelouse de Geoffroy-Guichard a \u00e9t\u00e9 enti\u00e8rement renouvel\u00e9e cet \u00e9t\u00e9. Saint-\u00c9tienne M\u00e9tropole a consacr\u00e9&hellip;\n","protected":false},"author":2,"featured_media":1169009,"comment_status":"","ping_status":"","sticky":false,"template":"","format":"standard","meta":{"footnotes":"","_share_on_mastodon":"0"},"categories":[9653],"tags":[1111,11,2430,1777,674,1011,27,12,25,4001],"class_list":["post-1169008","post","type-post","status-publish","format-standard","has-post-thumbnail","category-saint-etienne","tag-actu","tag-actualites","tag-auvergne-rhone-alpes","tag-eu","tag-europe","tag-fr","tag-france","tag-news","tag-republique-francaise","tag-saint-etienne"],"share_on_mastodon":{"url":"https:\/\/pubeurope.com\/@fr\/117218822672595232","error":""},"_links":{"self":[{"href":"https:\/\/www.europesays.com\/fr\/wp-json\/wp\/v2\/posts\/1169008","targetHints":{"allow":["GET"]}}],"collection":[{"href":"https:\/\/www.europesays.com\/fr\/wp-json\/wp\/v2\/posts"}],"about":[{"href":"https:\/\/www.europesays.com\/fr\/wp-json\/wp\/v2\/types\/post"}],"author":[{"embeddable":true,"href":"https:\/\/www.europesays.com\/fr\/wp-json\/wp\/v2\/users\/2"}],"replies":[{"embeddable":true,"href":"https:\/\/www.europesays.com\/fr\/wp-json\/wp\/v2\/comments?post=1169008"}],"version-history":[{"count":0,"href":"https:\/\/www.europesays.com\/fr\/wp-json\/wp\/v2\/posts\/1169008\/revisions"}],"wp:featuredmedia":[{"embeddable":true,"href":"https:\/\/www.europesays.com\/fr\/wp-json\/wp\/v2\/media\/1169009"}],"wp:attachment":[{"href":"https:\/\/www.europesays.com\/fr\/wp-json\/wp\/v2\/media?parent=1169008"}],"wp:term":[{"taxonomy":"category","embeddable":true,"href":"https:\/\/www.europesays.com\/fr\/wp-json\/wp\/v2\/categories?post=1169008"},{"taxonomy":"post_tag","embeddable":true,"href":"https:\/\/www.europesays.com\/fr\/wp-json\/wp\/v2\/tags?post=1169008"}],"curies":[{"name":"wp","href":"https:\/\/api.w.org\/{rel}","templated":true}]}}