{"id":116901,"date":"2025-05-21T12:57:12","date_gmt":"2025-05-21T12:57:12","guid":{"rendered":"https:\/\/www.europesays.com\/fr\/116901\/"},"modified":"2025-05-21T12:57:12","modified_gmt":"2025-05-21T12:57:12","slug":"mission-impossible-premieres-reactions-enthousiastes-a-rennes","status":"publish","type":"post","link":"https:\/\/www.europesays.com\/fr\/116901\/","title":{"rendered":"Mission Impossible : premi\u00e8res r\u00e9actions enthousiastes \u00e0 Rennes"},"content":{"rendered":"\n<p><strong>Mission Impossible <\/strong>d\u00e9barque dans vos salles de cin\u00e9ma ce mercredi (21 mai) avec Tom Cruise et Hayley Atwell. Le nouvel opus de la saga s\u2019appelle \u00ab\u00a0The Final Reckoning\u00a0\u00bb. Ici, Ethan Hunt doit combattre une IA belliqueuse, qui menace la survie de l\u2019humanit\u00e9.<\/p>\n<blockquote><p>\nDes cascades de ouf, mais avec Tom Cruise on est habitu\u00e9 !\n<\/p><\/blockquote>\n<p>Premi\u00e8res r\u00e9actions recueillies par de Julie Casquinna, hier soir lors de l\u2019une des nombreuses avant-premi\u00e8res, organis\u00e9es dans l\u2019ouest comme au Path\u00e9 de Rennes. \u00ab\u00a0Il y a une sc\u00e8ne qui se passe sous la mer, vraiment incroyable. C&rsquo;est top !\u00a0 C&rsquo;est incroyable qu&rsquo;il fasse encore des cascades \u00e0 50 ans, je trouve&#8230; Des cascades de ouf, mais avec Tom Cruise on est habitu\u00e9 ! On n&rsquo;est pas d\u00e9\u00e7u du tout et \u00e7a donne envie de se refaire la saga.<\/p>\n<p> C&rsquo;est \u00e9tourdissant, c&rsquo;est \u00e9chevel\u00e9, et c&rsquo;est tournoyant. <strong>On le voit dans des sc\u00e8nes assez improbables, mais c&rsquo;est toujours aussi efficace&#8230;<\/strong> Je n&rsquo;avais pas vu la premi\u00e8re partie, mais je trouve qu&rsquo;on n&rsquo;a pas forc\u00e9ment besoin de l&rsquo;avoir. Il y a tout le temps des rebondissements, on n&rsquo;a pas vu passer les trois heures !<\/p>\n<p>En vrai, Mission possible, je ne suis pas trop fan, je pr\u00e9f\u00e8re James Bond ! Comme dans toutes les MI, on y va surtout pour voir de l&rsquo;action. Donc je suis tr\u00e8s content, sauf que c&rsquo;\u00e9tait un peu long. Trois heures, c&rsquo;est long.\u00a0\u00bb<\/p>\n<p>Autres sorties du jour : \u00ab\u00a0La Venue de l\u2019avenir\u00a0\u00bb, com\u00e9die de Cedric Klapisch sur 30 personnes qui h\u00e9ritent d\u2019une maison abandonn\u00e9e, pleine de tr\u00e9sors cach\u00e9s. Pour les fans d\u2019horreur et d\u2019\u00e9pouvante, \u00ab\u00a0Les maudites\u00a0\u00bb et pour les enfants, l\u2019adaptation en prise de vue r\u00e9elle de Lilo et Stitch.<\/p>\n","protected":false},"excerpt":{"rendered":"Mission Impossible d\u00e9barque dans vos salles de cin\u00e9ma ce mercredi (21 mai) avec Tom Cruise et Hayley Atwell.&hellip;\n","protected":false},"author":2,"featured_media":116902,"comment_status":"","ping_status":"","sticky":false,"template":"","format":"standard","meta":{"footnotes":""},"categories":[2821],"tags":[1111,11,829,650,1777,674,1011,27,12,584,25],"class_list":{"0":"post-116901","1":"post","2":"type-post","3":"status-publish","4":"format-standard","5":"has-post-thumbnail","7":"category-rennes","8":"tag-actu","9":"tag-actualites","10":"tag-bretagne","11":"tag-cinema","12":"tag-eu","13":"tag-europe","14":"tag-fr","15":"tag-france","16":"tag-news","17":"tag-rennes","18":"tag-republique-francaise"},"share_on_mastodon":{"url":"https:\/\/pubeurope.com\/@fr\/114545940558410812","error":""},"_links":{"self":[{"href":"https:\/\/www.europesays.com\/fr\/wp-json\/wp\/v2\/posts\/116901","targetHints":{"allow":["GET"]}}],"collection":[{"href":"https:\/\/www.europesays.com\/fr\/wp-json\/wp\/v2\/posts"}],"about":[{"href":"https:\/\/www.europesays.com\/fr\/wp-json\/wp\/v2\/types\/post"}],"author":[{"embeddable":true,"href":"https:\/\/www.europesays.com\/fr\/wp-json\/wp\/v2\/users\/2"}],"replies":[{"embeddable":true,"href":"https:\/\/www.europesays.com\/fr\/wp-json\/wp\/v2\/comments?post=116901"}],"version-history":[{"count":0,"href":"https:\/\/www.europesays.com\/fr\/wp-json\/wp\/v2\/posts\/116901\/revisions"}],"wp:featuredmedia":[{"embeddable":true,"href":"https:\/\/www.europesays.com\/fr\/wp-json\/wp\/v2\/media\/116902"}],"wp:attachment":[{"href":"https:\/\/www.europesays.com\/fr\/wp-json\/wp\/v2\/media?parent=116901"}],"wp:term":[{"taxonomy":"category","embeddable":true,"href":"https:\/\/www.europesays.com\/fr\/wp-json\/wp\/v2\/categories?post=116901"},{"taxonomy":"post_tag","embeddable":true,"href":"https:\/\/www.europesays.com\/fr\/wp-json\/wp\/v2\/tags?post=116901"}],"curies":[{"name":"wp","href":"https:\/\/api.w.org\/{rel}","templated":true}]}}