{"id":1169012,"date":"2026-09-05T14:09:19","date_gmt":"2026-09-05T14:09:19","guid":{"rendered":"https:\/\/www.europesays.com\/fr\/1169012\/"},"modified":"2026-09-05T14:09:19","modified_gmt":"2026-09-05T14:09:19","slug":"fc-nantes-un-attaquant-de-retour-pour-la-reception-de-nancy-la-grosse-tuile-pour-un-gardien-2","status":"publish","type":"post","link":"https:\/\/www.europesays.com\/fr\/1169012\/","title":{"rendered":"FC Nantes. Un attaquant de retour pour la r\u00e9ception de Nancy, la grosse tuile pour un gardien"},"content":{"rendered":"<p>\n                Article premium,<br \/>\n                    R\u00e9serv\u00e9 aux\u00a0abonn\u00e9s\n            <\/p>\n<p class=\"su-standfirst chapeau\">Toujours \u00e0 la recherche d\u2019un premier succ\u00e8s en Ligue 2, le FC Nantes accueille Nancy ce lundi 7\u00a0septembre 2026\u00a0(20h45). \u00c0 deux jours de ce match contre l\u2019\u00e9quipe lorraine, l\u2019entra\u00eeneur Gr\u00e9gory Poirier a annonc\u00e9 ce samedi le retour d\u2019Ignatius Ganago. Fabien Centonze et Killian Corredor sont eux toujours absents, tout comme Alexis Mirbach, touch\u00e9 au genou \u00e0 l\u2019entra\u00eenement cette semaine.<\/p>\n<p>                                        <img decoding=\"async\" class=\"su-media\" src=\"https:\/\/media.ouest-france.fr\/v1\/pictures\/MjAyNjA5NTZlODE4ZTExMWQwZTA0M2VhNzVlMWJlNDM1MjkzNjY?width=630&amp;height=354&amp;focuspoint=50%2C25&amp;cropresize=1&amp;client_id=bpeditorial&amp;sign=ad48d48635f4da0ffc9464db62f3e3fcf9f22b3150fff8127d4b06f1f3781930\" alt=\"Ignatius Ganago va effectuer son retour face \u00e0 Nancy.\"  \/><\/p>\n<p>                            Ignatius Ganago va effectuer son retour face \u00e0 Nancy. | PHOTO PRESSE OC\u00c9AN-ARNAULT CANTREAU<\/p>\n<p>                            fermer<\/p>\n<ul class=\"su-row su-carrousel-container su-not-list\" data-suswipe=\"{\" rambo=\"\" .carrousel-nav-bas=\"\" .item=\"\">\n<li class=\"su-col-xs-6 su-col-md-24 carrousel-contenu su-carrousel-item\" data-ofvwidth=\"{\" mobileonly=\"\"><img decoding=\"async\" data-ofmaxheight=\"\" class=\"su-media lazyload\" alt=\"Ignatius Ganago va effectuer son retour face \u00e0 Nancy.\" src=\"data:image\/png;base64,iVBORw0KGgoAAAANSUhEUgAAABAAAAAJCAYAAAA7KqwyAAAAGXRFWHRTb2Z0d2FyZQBBZG9iZSBJbWFnZVJlYWR5ccllPAAAABhJREFUeNpi\/P\/\/PwMlgHHUgFEDgAAgwAD+lBrvy+NcxAAAAABJRU5ErkJggg==\" data-oflazyload=\"{&quot;srcset&quot;:&quot;https:\/\/media.ouest-france.fr\/v1\/pictures\/MjAyNjA5NTZlODE4ZTExMWQwZTA0M2VhNzVlMWJlNDM1MjkzNjY?width=320&amp;focuspoint=50%2C25&amp;cropresize=1&amp;client_id=bpeditorial&amp;sign=1d2277564a94a5d230d9cf1739ca43b20621c53406b8568d6299efd10c5dc954 320w,https:\/\/media.ouest-france.fr\/v1\/pictures\/MjAyNjA5NTZlODE4ZTExMWQwZTA0M2VhNzVlMWJlNDM1MjkzNjY?width=375&amp;focuspoint=50%2C25&amp;cropresize=1&amp;client_id=bpeditorial&amp;sign=fabacbaef62269ee43deb1738717254f126a8a057b2d3be3541cb1861f15267a 360w,https:\/\/media.ouest-france.fr\/v1\/pictures\/MjAyNjA5NTZlODE4ZTExMWQwZTA0M2VhNzVlMWJlNDM1MjkzNjY?width=480&amp;focuspoint=50%2C25&amp;cropresize=1&amp;client_id=bpeditorial&amp;sign=3baf8e9c975a59c9d39aff24e1b213567e850cbba8a2b022a235ba68ce964ea8 480w,https:\/\/media.ouest-france.fr\/v1\/pictures\/MjAyNjA5NTZlODE4ZTExMWQwZTA0M2VhNzVlMWJlNDM1MjkzNjY?width=630&amp;focuspoint=50%2C25&amp;cropresize=1&amp;client_id=bpeditorial&amp;sign=8260ff22d8fba8bc5f51dc4830e7cd361bab3ba11167241d9305338b216f9ece 630w,https:\/\/media.ouest-france.fr\/v1\/pictures\/MjAyNjA5NTZlODE4ZTExMWQwZTA0M2VhNzVlMWJlNDM1MjkzNjY?width=940&amp;focuspoint=50%2C25&amp;cropresize=1&amp;client_id=bpeditorial&amp;sign=683423f70f09453156d6871d6499673e44cf5dffcbbfeaec2c3ce5cab1cb34ed 940w,https:\/\/media.ouest-france.fr\/v1\/pictures\/MjAyNjA5NTZlODE4ZTExMWQwZTA0M2VhNzVlMWJlNDM1MjkzNjY?width=1260&amp;focuspoint=50%2C25&amp;cropresize=1&amp;client_id=bpeditorial&amp;sign=36cb0d76139d704e6e99a0c37c74ec2b2fcb169aa481b070149c135b0ee7974e 1260w&quot;}\"\/>Ignatius Ganago va effectuer son retour face \u00e0 Nancy. | PHOTO PRESSE OC\u00c9AN-ARNAULT CANTREAU<\/li>\n<\/ul>\n<p><a href=\"https:\/\/www.ouest-france.fr\/sport\/football\/fc-nantes\/fc-nantes-mercato-avec-quatre-recrues-la-folle-derniere-journee-de-lete-9c6f2ee8-a602-11f1-95a1-d7cb1b3759ac\" target=\"_self\" rel=\"nofollow noopener\">Le FC Nantes<\/a> accueille l\u2019AS Nancy dans le cadre de la 5e cinqui\u00e8me journ\u00e9e de Ligue 2, lundi 7 septembre 2026 \u00e0 la Beaujoire (20h45). L\u2019\u00e9quipe de Gr\u00e9gory Poirier, derni\u00e8re et toujours \u00e0 la recherche de son premier succ\u00e8s en championnat sera encore priv\u00e9e de plusieurs \u00e9l\u00e9ments. Absent de longue date, Fabien Centonze est toujours out, tout comme Killian Corredor, touch\u00e9 face \u00e0 Rodez et dont le retour ne pourrait se faire qu\u2019apr\u00e8s la tr\u00eave, a&#8230;<\/p>\n<p style=\"text-align: center; background-color: #dbbe4d; padding-top: 5px; padding-bottom: 5px; font-size: 14px;\"><strong>D\u00e9j\u00e0 abonn\u00e9 ? <\/strong><a data-trkartmonet=\"Identification\" data-trk-sipa=\"{\" blockcategory=\"\" paywall=\"\" href=\"http:\/\/www.ouest-france.fr\/login?redirect=https:\/\/www.ouest-france.fr\/sport\/football\/fc-nantes\/fc-nantes-un-attaquant-de-retour-pour-la-reception-de-nancy-la-grosse-tuile-pour-un-gardien-53bbd260-a700-11f1-8a27-1e0c4eb5e395\" rel=\"nofollow noopener\" title=\"Se connecter \u00e0 Ouest-France\" class=\"su-link-light\" target=\"_blank\">Connectez-vous<\/a><\/p>\n<p style=\"text-align: center; padding-top: 15px; padding-bottom: 8px; vertical-align: bottom;\">bloqu\u00e9<strong> Pour lire la suite, abonnez-vous<\/strong><\/p>\n<p style=\"text-align: center;\"><strong>1er mois \u00e0 1\u20ac<\/strong><\/p>\n<p style=\"text-align: center; margin-top: -5px;\">Annulable \u00e0 tout moment<\/p>\n<p style=\"text-align: center;\">\u00a0<\/p>\n<p style=\"text-align: center;\"><a data-ida=\"\" data-trkartmonet=\"Tunnel OF+\" data-trk-sipa=\"{&#010;\" blockcategory=\"\" paywall=\"\" :=\"\" m=\"\" of=\"\" class=\"su-button su-subscription\" data-trk-bloc=\"paywall\" href=\"https:\/\/abonnement.ouest-france.fr\/presse-ocean\/tunnel\/pack-essentiel-article\/122096116098?int_medium=lien&amp;int_campaign=PWFR0225-PO&amp;int_content=page-article-payant_boutonjaune-paywall&amp;marquesource=PO&amp;rt=https:\/\/www.ouest-france.fr\/sport\/football\/fc-nantes\/fc-nantes-un-attaquant-de-retour-pour-la-reception-de-nancy-la-grosse-tuile-pour-un-gardien-53bbd260-a700-11f1-8a27-1e0c4eb5e395\" rel=\"nofollow noopener\" target=\"_blank\"><strong>Je m&rsquo;abonne<\/strong><\/a><\/p>\n<p style=\"text-align: center; padding-top: 10px; padding-bottom: 10px;\"><img decoding=\"async\" src=\"https:\/\/media.ouest-france.fr\/v1\/fonts\/be7723fcee3f1866f1ce99184077fc6f-carte-bancaire.svg?height=36\" alt=\"CB\"\/>\u00a0\u00a0<img decoding=\"async\" src=\"https:\/\/media.ouest-france.fr\/v1\/fonts\/1819d54c599d8afa64539cfba4ac9dde-rib.svg?height=36\" alt=\"RIB\"\/><\/p>\n","protected":false},"excerpt":{"rendered":"Article premium, R\u00e9serv\u00e9 aux\u00a0abonn\u00e9s Toujours \u00e0 la recherche d\u2019un premier succ\u00e8s en Ligue 2, le FC Nantes accueille&hellip;\n","protected":false},"author":2,"featured_media":1169013,"comment_status":"","ping_status":"","sticky":false,"template":"","format":"standard","meta":{"footnotes":"","_share_on_mastodon":"0"},"categories":[9635],"tags":[1111,11,1777,674,462,63,1011,27,775,446,1702,766,12,25,517,96],"class_list":["post-1169012","post","type-post","status-publish","format-standard","has-post-thumbnail","category-nancy","tag-actu","tag-actualites","tag-eu","tag-europe","tag-fc-nantes","tag-football","tag-fr","tag-france","tag-grand-est","tag-ligue-2","tag-nancy","tag-nantes","tag-news","tag-republique-francaise","tag-sport","tag-une"],"share_on_mastodon":{"url":"https:\/\/pubeurope.com\/@fr\/117218837008923282","error":""},"_links":{"self":[{"href":"https:\/\/www.europesays.com\/fr\/wp-json\/wp\/v2\/posts\/1169012","targetHints":{"allow":["GET"]}}],"collection":[{"href":"https:\/\/www.europesays.com\/fr\/wp-json\/wp\/v2\/posts"}],"about":[{"href":"https:\/\/www.europesays.com\/fr\/wp-json\/wp\/v2\/types\/post"}],"author":[{"embeddable":true,"href":"https:\/\/www.europesays.com\/fr\/wp-json\/wp\/v2\/users\/2"}],"replies":[{"embeddable":true,"href":"https:\/\/www.europesays.com\/fr\/wp-json\/wp\/v2\/comments?post=1169012"}],"version-history":[{"count":0,"href":"https:\/\/www.europesays.com\/fr\/wp-json\/wp\/v2\/posts\/1169012\/revisions"}],"wp:featuredmedia":[{"embeddable":true,"href":"https:\/\/www.europesays.com\/fr\/wp-json\/wp\/v2\/media\/1169013"}],"wp:attachment":[{"href":"https:\/\/www.europesays.com\/fr\/wp-json\/wp\/v2\/media?parent=1169012"}],"wp:term":[{"taxonomy":"category","embeddable":true,"href":"https:\/\/www.europesays.com\/fr\/wp-json\/wp\/v2\/categories?post=1169012"},{"taxonomy":"post_tag","embeddable":true,"href":"https:\/\/www.europesays.com\/fr\/wp-json\/wp\/v2\/tags?post=1169012"}],"curies":[{"name":"wp","href":"https:\/\/api.w.org\/{rel}","templated":true}]}}