{"id":1169024,"date":"2026-09-05T14:18:14","date_gmt":"2026-09-05T14:18:14","guid":{"rendered":"https:\/\/www.europesays.com\/fr\/1169024\/"},"modified":"2026-09-05T14:18:14","modified_gmt":"2026-09-05T14:18:14","slug":"valenciennes-denonce-un-defaut-de-fonctionnement-du-football-video-support-lors-du-match-contre-rouen-france-valenciennes","status":"publish","type":"post","link":"https:\/\/www.europesays.com\/fr\/1169024\/","title":{"rendered":"Valenciennes d\u00e9nonce un d\u00e9faut de fonctionnement du Football Video Support lors du match contre Rouen &#8211; France &#8211; Valenciennes"},"content":{"rendered":"<p>Un point c\u2019est (pas) tout. <a target=\"_blank\" href=\"https:\/\/www.sofoot.com\/breves\/rouen-et-valenciennes-se-neutralisent\" rel=\"nofollow noopener\">Reparti de son d\u00e9placement \u00e0 Rouen<\/a> avec le point du match nul ce jeudi soir, Valenciennes a annonc\u00e9 <a target=\"_blank\" href=\"https:\/\/www.va-fc.com\/articles\/34703\" rel=\"nofollow noopener\">dans un communiqu\u00e9<\/a> publi\u00e9 le lendemain saisir \u00ab\u202fla F\u00e9d\u00e9ration fran\u00e7aise de football afin de demander l\u2019ouverture d\u2019une enqu\u00eate et l\u2019\u00e9tablissement d\u2019un rapport circonstanci\u00e9 concernant le dysfonctionnement du <a target=\"_blank\" href=\"https:\/\/www.sofoot.com\/breves\/le-canada-va-tester-la-loi-wenger-sur-le-hors-jeu\" rel=\"nofollow noopener\">Football Video Support (FVS)<\/a> intervenu en fin de premi\u00e8re p\u00e9riode.\u202f\u00bb<\/p>\n<p>P\u00e9ter un c\u00e2ble<\/p>\n<p>En fin de premi\u00e8re p\u00e9riode, l\u2019arbitre siffle un penalty en faveur des locaux. Comme le r\u00e8glement du FVS l\u2019y autorise, l\u2019entra\u00eeneur valenciennois Pierre Blois demande un\u00a0challenge pour v\u00e9rifier la d\u00e9cision. Seulement voil\u00e0 : \u00ab\u202f<strong>Quelques instants plus tard, au moment o\u00f9 cette v\u00e9rification devait intervenir, le dispositif n\u2019\u00e9tait plus fonctionnel.<\/strong> L\u2019arbitre a alors inform\u00e9 les deux entra\u00eeneurs qu\u2019il maintenait sa d\u00e9cision initiale, faute de pouvoir revoir les images. <strong>D\u00e8s la reprise de la seconde p\u00e9riode, le FVS \u00e9tait de nouveau op\u00e9rationnel<\/strong>\u202f\u00bb,\u00a0relate le communiqu\u00e9.<\/p>\n<p>Un couac technique que le club nordiste, provisoirement 12e de Ligue 3 apr\u00e8s cinq journ\u00e9es, est loin de go\u00fbter : \u00ab\u202f<strong>L\u2019explication communiqu\u00e9e sur place au VAFC fait \u00e9tat d\u2019un c\u00e2ble qui aurait \u00e9t\u00e9 d\u00e9branch\u00e9 et dont le simple rebranchement aurait permis au dispositif de fonctionner \u00e0 nouveau.<\/strong> Cette succession d\u2019\u00e9v\u00e9nements soul\u00e8ve l\u00e9gitimement des interrogations auxquelles le VAFC souhaite obtenir des r\u00e9ponses pr\u00e9cises et document\u00e9es. \u00bb\u00a0<\/p>\n<p>Dont acte : il esp\u00e8re d\u00e9sormais que sa saisine de la FFF permettra de faire la lumi\u00e8re sur cette zone d\u2019ombre, et ce, dans l\u2019int\u00e9r\u00eat commun : \u00ab\u202f<strong>Toutes les garanties doivent \u00eatre r\u00e9unies pour assurer l\u2019int\u00e9grit\u00e9 des dispositifs d\u2019assistance \u00e0 l\u2019arbitrage et, par cons\u00e9quent, l\u2019\u00e9quit\u00e9 de la comp\u00e9tition<\/strong>\u202f\u00bb,\u00a0conclut la direction valenciennoise.<\/p>\n<p>\t\t\t\t\t\t\t\t\t\t<a class=\"lien-connexe\" href=\"https:\/\/www.sofoot.com\/breves\/rouen-et-valenciennes-se-neutralisent\" rel=\"nofollow noopener\" target=\"_blank\">Rouen et Valenciennes se neutralisent<\/a>\t\t\t\t\t <\/p>\n<p>\t\t\t\t\t\t\tCommentaires<br \/>\n\t\t\t\t\t\t\t\tLes membres ont post\u00e9<br \/>\n\t\t\t\t\t\t\t\t1 commentaire<br \/>\n\t\t\t\t\t\t\t\tsur cet article.<br \/>\n\t\t\t\t\t\t\t\tParticipez \u00e0 la discussion<br \/>\n\t\t\t\t\t\t\t\t\t<a href=\"http:\/\/www.sofoot.com\/compte?back=https:\/\/www.sofoot.com\/breves\/ligue-3-valenciennes-denonce-un-defaut-de-fonctionnement-du-football-video-support-lors-du-match-contre-rouen-et-saisit-la-fff\" rel=\"nofollow noopener\" target=\"_blank\"><br \/>\n\t\t\t\t\t\t\t\t\t\t<b>en vous connectant<\/b><br \/>\n\t\t\t\t\t\t\t\t\t<\/a>.<\/p>\n<p>\t\t\t\t\t\t\t\tVoir les<br \/>\n\t\t\t\t\t\t\t\t\t\t\t\t\t\t\t\tcommentaires<\/p>\n","protected":false},"excerpt":{"rendered":"Un point c\u2019est (pas) tout. Reparti de son d\u00e9placement \u00e0 Rouen avec le point du match nul ce&hellip;\n","protected":false},"author":2,"featured_media":1169025,"comment_status":"","ping_status":"","sticky":false,"template":"","format":"standard","meta":{"footnotes":"","_share_on_mastodon":"0"},"categories":[9587],"tags":[1111,47,11,61,69,65,64,1777,674,63,1011,27,68,66,12,62,5161,70,25,9590,67],"class_list":["post-1169024","post","type-post","status-publish","format-standard","has-post-thumbnail","category-rouen","tag-actu","tag-actualite","tag-actualites","tag-actus-football","tag-bundesliga","tag-championnats-europeens","tag-equipe-de-france","tag-eu","tag-europe","tag-football","tag-fr","tag-france","tag-ligua","tag-ligue-1","tag-news","tag-news-foot","tag-normandie","tag-premier-league","tag-republique-francaise","tag-rouen","tag-serie-a"],"share_on_mastodon":{"url":"https:\/\/pubeurope.com\/@fr\/117218869625696445","error":""},"_links":{"self":[{"href":"https:\/\/www.europesays.com\/fr\/wp-json\/wp\/v2\/posts\/1169024","targetHints":{"allow":["GET"]}}],"collection":[{"href":"https:\/\/www.europesays.com\/fr\/wp-json\/wp\/v2\/posts"}],"about":[{"href":"https:\/\/www.europesays.com\/fr\/wp-json\/wp\/v2\/types\/post"}],"author":[{"embeddable":true,"href":"https:\/\/www.europesays.com\/fr\/wp-json\/wp\/v2\/users\/2"}],"replies":[{"embeddable":true,"href":"https:\/\/www.europesays.com\/fr\/wp-json\/wp\/v2\/comments?post=1169024"}],"version-history":[{"count":0,"href":"https:\/\/www.europesays.com\/fr\/wp-json\/wp\/v2\/posts\/1169024\/revisions"}],"wp:featuredmedia":[{"embeddable":true,"href":"https:\/\/www.europesays.com\/fr\/wp-json\/wp\/v2\/media\/1169025"}],"wp:attachment":[{"href":"https:\/\/www.europesays.com\/fr\/wp-json\/wp\/v2\/media?parent=1169024"}],"wp:term":[{"taxonomy":"category","embeddable":true,"href":"https:\/\/www.europesays.com\/fr\/wp-json\/wp\/v2\/categories?post=1169024"},{"taxonomy":"post_tag","embeddable":true,"href":"https:\/\/www.europesays.com\/fr\/wp-json\/wp\/v2\/tags?post=1169024"}],"curies":[{"name":"wp","href":"https:\/\/api.w.org\/{rel}","templated":true}]}}