{"id":1169034,"date":"2026-09-05T14:25:17","date_gmt":"2026-09-05T14:25:17","guid":{"rendered":"https:\/\/www.europesays.com\/fr\/1169034\/"},"modified":"2026-09-05T14:25:17","modified_gmt":"2026-09-05T14:25:17","slug":"strasbourg-le-lycee-des-pontonniers-classe-deuxieme-meilleur-lycee-international","status":"publish","type":"post","link":"https:\/\/www.europesays.com\/fr\/1169034\/","title":{"rendered":"Strasbourg. Le lyc\u00e9e des Pontonniers class\u00e9 deuxi\u00e8me\u00a0meilleur lyc\u00e9e international"},"content":{"rendered":"<p>Dans un classement des meilleurs lyc\u00e9es internationaux \u00e9tabli par nos confr\u00e8res du journal <a href=\"https:\/\/www.leparisien.fr\/societe\/taux-de-reussite-au-bac-langues-proposees-notre-classement-exclusif-des-meilleurs-lycees-internationaux-05-09-2026-M2FIW6CAWRGUJHUMQV2NULNR5A.php\" target=\"_blank\" rel=\"nofollow noopener\">Le Parisien<\/a> , le lyc\u00e9e des Pontonniers \u00e0 Strasbourg se classe \u00e0 la 2e place pour ses fili\u00e8res britannique, allemande, espagnole, italienne et portugaise. Le lyc\u00e9e public du centre-ville obtient 16,45 points avec un taux de mention de 87\u00a0%, derri\u00e8re le lyc\u00e9e g\u00e9n\u00e9ral international Europole de Grenoble qui recueille 16,71 points.<\/p>\n<p>Fond\u00e9 en 1902, l\u2019\u00e9tablissement strasbourgeois se retrouve m\u00eame sur la premi\u00e8re marche pour les\u00a0<a href=\"https:\/\/www.dna.fr\/education\/2025\/11\/12\/au-lycee-des-pontonniers-la-section-russophone-fait-dialoguer-passe-et-present-depuis-deux-decennies\" target=\"_blank\" rel=\"nofollow noopener\">sections russe et polonaise, plus rares en France<\/a>. Interrog\u00e9e par Le Parisien , la proviseure souligne qu\u2019\u00ab\u00a0un tiers des \u00e9l\u00e8ves sont \u00e9trangers et la moiti\u00e9 sont binationaux\u00a0\u00bb. \u00ab\u00a0Dans la section russophone, on accueille beaucoup de migrants ou de r\u00e9fugi\u00e9s\u00a0\u00bb, note encore V\u00e9ronique Rosay. \u00ab\u00a0On a des Ukrainiens, d\u00e9sormais majoritaires, mais aussi des Russes et des Tch\u00e9tch\u00e8nes et \u00e7a se passe bien\u00a0!\u00a0\u00bb<\/p>\n<p>Le <a href=\"https:\/\/www.dna.fr\/economie\/2026\/02\/06\/textile-addict-des-etudiantes-en-design-participent-a-un-concours-de-creation-de-tissus-d-enfant\" target=\"_blank\" rel=\"nofollow noopener\">lyc\u00e9e Louis-Armand<\/a> de Mulhouse est class\u00e9 37e pour sa section britannique avec 12,31 points.<\/p>\n","protected":false},"excerpt":{"rendered":"Dans un classement des meilleurs lyc\u00e9es internationaux \u00e9tabli par nos confr\u00e8res du journal Le Parisien , le lyc\u00e9e&hellip;\n","protected":false},"author":2,"featured_media":1169035,"comment_status":"","ping_status":"","sticky":false,"template":"","format":"standard","meta":{"footnotes":"","_share_on_mastodon":"0"},"categories":[2820],"tags":[1111,11,2389,2649,3599,2880,1057,1777,674,107,1011,27,775,12,25,640,2879],"class_list":["post-1169034","post","type-post","status-publish","format-standard","has-post-thumbnail","category-strasbourg","tag-actu","tag-actualites","tag-alsace","tag-bas-rhin","tag-college-lycee","tag-edition-strasbourg","tag-education","tag-eu","tag-europe","tag-fil-info","tag-fr","tag-france","tag-grand-est","tag-news","tag-republique-francaise","tag-strasbourg","tag-strasbourg-ville"],"share_on_mastodon":{"url":"https:\/\/pubeurope.com\/@fr\/117218897463299376","error":""},"_links":{"self":[{"href":"https:\/\/www.europesays.com\/fr\/wp-json\/wp\/v2\/posts\/1169034","targetHints":{"allow":["GET"]}}],"collection":[{"href":"https:\/\/www.europesays.com\/fr\/wp-json\/wp\/v2\/posts"}],"about":[{"href":"https:\/\/www.europesays.com\/fr\/wp-json\/wp\/v2\/types\/post"}],"author":[{"embeddable":true,"href":"https:\/\/www.europesays.com\/fr\/wp-json\/wp\/v2\/users\/2"}],"replies":[{"embeddable":true,"href":"https:\/\/www.europesays.com\/fr\/wp-json\/wp\/v2\/comments?post=1169034"}],"version-history":[{"count":0,"href":"https:\/\/www.europesays.com\/fr\/wp-json\/wp\/v2\/posts\/1169034\/revisions"}],"wp:featuredmedia":[{"embeddable":true,"href":"https:\/\/www.europesays.com\/fr\/wp-json\/wp\/v2\/media\/1169035"}],"wp:attachment":[{"href":"https:\/\/www.europesays.com\/fr\/wp-json\/wp\/v2\/media?parent=1169034"}],"wp:term":[{"taxonomy":"category","embeddable":true,"href":"https:\/\/www.europesays.com\/fr\/wp-json\/wp\/v2\/categories?post=1169034"},{"taxonomy":"post_tag","embeddable":true,"href":"https:\/\/www.europesays.com\/fr\/wp-json\/wp\/v2\/tags?post=1169034"}],"curies":[{"name":"wp","href":"https:\/\/api.w.org\/{rel}","templated":true}]}}