{"id":1169039,"date":"2026-09-05T14:28:21","date_gmt":"2026-09-05T14:28:21","guid":{"rendered":"https:\/\/www.europesays.com\/fr\/1169039\/"},"modified":"2026-09-05T14:28:21","modified_gmt":"2026-09-05T14:28:21","slug":"rester-dans-notre-bulle-a-nice-comme-ailleurs-le-mans-fc-doit-sadapter-aux-chaudes-ambiances-de-ligue-1","status":"publish","type":"post","link":"https:\/\/www.europesays.com\/fr\/1169039\/","title":{"rendered":"\u00ab Rester dans notre bulle \u00bb : \u00e0 Nice comme ailleurs, Le Mans FC doit s\u2019adapter aux chaudes ambiances de Ligue 1"},"content":{"rendered":"<p>\n                Article premium,<br \/>\n                    R\u00e9serv\u00e9 aux\u00a0abonn\u00e9s\n            <\/p>\n<p class=\"su-standfirst chapeau\">Avec son accession dans l\u2019\u00e9lite, Le Mans FC retrouve aussi des stades pleins et des atmosph\u00e8res parfois fi\u00e9vreuses. Ce qui impose forc\u00e9ment des adaptations sur le terrain. Premier test pr\u00e9vu \u00e0 Nice, samedi 5 septembre (20 h 45).<\/p>\n<p>                                        <img decoding=\"async\" class=\"su-media\" src=\"https:\/\/media.ouest-france.fr\/v1\/pictures\/MjAyNjA5MjgzOGU0YTU5N2YxYWRmZmVhMzg5MzMzMTMzYTZkOTQ?width=630&amp;height=354&amp;focuspoint=50%2C25&amp;cropresize=1&amp;client_id=bpeditorial&amp;sign=d9cce27dd636067092547518450c72cec9b6eb4495dfb1295831ec3c00803f9a\" alt=\"L\u2019OGC Nice est r\u00e9put\u00e9 pour son atmosph\u00e8re inhospitali\u00e8re.\"  \/><\/p>\n<p>                            L\u2019OGC Nice est r\u00e9put\u00e9 pour son atmosph\u00e8re inhospitali\u00e8re. | AFP<\/p>\n<p>                            fermer<\/p>\n<ul class=\"su-row su-carrousel-container su-not-list\" data-suswipe=\"{\" rambo=\"\" .carrousel-nav-bas=\"\" .item=\"\">\n<li class=\"su-col-xs-6 su-col-md-24 carrousel-contenu su-carrousel-item\" data-ofvwidth=\"{\" mobileonly=\"\"><img decoding=\"async\" data-ofmaxheight=\"\" class=\"su-media lazyload\" alt=\"L\u2019OGC Nice est r\u00e9put\u00e9 pour son atmosph\u00e8re inhospitali\u00e8re.\" src=\"data:image\/png;base64,iVBORw0KGgoAAAANSUhEUgAAABAAAAAJCAYAAAA7KqwyAAAAGXRFWHRTb2Z0d2FyZQBBZG9iZSBJbWFnZVJlYWR5ccllPAAAABhJREFUeNpi\/P\/\/PwMlgHHUgFEDgAAgwAD+lBrvy+NcxAAAAABJRU5ErkJggg==\" data-oflazyload=\"{&quot;srcset&quot;:&quot;https:\/\/media.ouest-france.fr\/v1\/pictures\/MjAyNjA5MjgzOGU0YTU5N2YxYWRmZmVhMzg5MzMzMTMzYTZkOTQ?width=320&amp;focuspoint=50%2C25&amp;cropresize=1&amp;client_id=bpeditorial&amp;sign=c451f910fba8d634622b84b5d825b669fe282ce575301e0467e5d9cc46b5356a 320w,https:\/\/media.ouest-france.fr\/v1\/pictures\/MjAyNjA5MjgzOGU0YTU5N2YxYWRmZmVhMzg5MzMzMTMzYTZkOTQ?width=375&amp;focuspoint=50%2C25&amp;cropresize=1&amp;client_id=bpeditorial&amp;sign=113d6119b43d8a88021c7a9c8b02b916d775111c7d520f5542c9dbc076a0acf6 360w,https:\/\/media.ouest-france.fr\/v1\/pictures\/MjAyNjA5MjgzOGU0YTU5N2YxYWRmZmVhMzg5MzMzMTMzYTZkOTQ?width=480&amp;focuspoint=50%2C25&amp;cropresize=1&amp;client_id=bpeditorial&amp;sign=c12c409cf0c2f650cea05070d67154122398eb7bf18e2d0f16f5a86f3a24acd2 480w,https:\/\/media.ouest-france.fr\/v1\/pictures\/MjAyNjA5MjgzOGU0YTU5N2YxYWRmZmVhMzg5MzMzMTMzYTZkOTQ?width=630&amp;focuspoint=50%2C25&amp;cropresize=1&amp;client_id=bpeditorial&amp;sign=b3de26eadf0dc559e92739f0f0394fe8238deddd69c25cb8cf6524e666121e3d 630w,https:\/\/media.ouest-france.fr\/v1\/pictures\/MjAyNjA5MjgzOGU0YTU5N2YxYWRmZmVhMzg5MzMzMTMzYTZkOTQ?width=940&amp;focuspoint=50%2C25&amp;cropresize=1&amp;client_id=bpeditorial&amp;sign=2c60caa8d7a9fcd6c18a74f58297e418c9def415e8966447b2952f8281fd9c1a 940w,https:\/\/media.ouest-france.fr\/v1\/pictures\/MjAyNjA5MjgzOGU0YTU5N2YxYWRmZmVhMzg5MzMzMTMzYTZkOTQ?width=1260&amp;focuspoint=50%2C25&amp;cropresize=1&amp;client_id=bpeditorial&amp;sign=f413830228049e8d53c97e32466bf0cc8504164aeb30444ee10d38c81eecdada 1260w&quot;}\"\/>L\u2019OGC Nice est r\u00e9put\u00e9 pour son atmosph\u00e8re inhospitali\u00e8re. | AFP<\/li>\n<\/ul>\n<p>Apr\u00e8s avoir domin\u00e9 les d\u00e9bats en tribunes <a href=\"https:\/\/www.ouest-france.fr\/sport\/football\/le-mans-fc\/cest-le-grand-frisson-la-saison-a-commence-au-stade-marie-marvingt-qui-accueille-enfin-le-mans-fc-en-ligue-1-2d0dea58-9d7e-11f1-a8ad-3219df531147\" target=\"_self\" rel=\"nofollow noopener\">\u00e0 domicile contre Brest<\/a>, <a href=\"https:\/\/www.ouest-france.fr\/sport\/football\/le-mans-fc\/video-stade-rennais-le-mans-fc-premier-deplacement-en-ligue-1-de-la-saison-pour-les-supporters-du-mans-venus-nombreux-4ac2995e-535d-3558-9e0f-a5a99255256c\" target=\"_self\" rel=\"nofollow noopener\">puis \u00e0 Rennes<\/a>\u00a0(o\u00f9 la tribune des ultras \u00e9tait ferm\u00e9e), les supporters manceaux risquent d\u2019\u00eatre bien moins audibles \u00e0 Nice, samedi 5 septembre (20 h 45). <strong>\u00ab\u00a0C\u2019est un club mythique de Ligue 1, avec un public assez chaud et beaucoup de ferveur. Il faut s\u2019attendre \u00e0 un match compliqu\u00e9\u00a0\u00bb<\/strong>, a anticip\u00e9 Patrick Videira. Alors que les stades de National \u00e9taient parsem\u00e9s et que l\u2019ambiance en Ligue 2\u00a0variait beaucoup d\u2019un stade \u00e0 l\u2019autre, Le Mans&#8230;<\/p>\n<p style=\"text-align: center; background-color: #dbbe4d; padding-top: 5px; padding-bottom: 5px; font-size: 14px;\"><strong>D\u00e9j\u00e0 abonn\u00e9 ? <\/strong><a data-trkartmonet=\"Identification\" data-trk-sipa=\"{\" blockcategory=\"\" paywall=\"\" href=\"http:\/\/www.ouest-france.fr\/login?redirect=https:\/\/www.ouest-france.fr\/sport\/football\/le-mans-fc\/rester-dans-notre-bulle-a-nice-comme-ailleurs-le-mans-fc-doit-sadapter-aux-chaudes-ambiances-de-ligue-1-42598900-a871-11f1-a618-771a80631f2f\" rel=\"nofollow noopener\" title=\"Se connecter \u00e0 Ouest-France\" class=\"su-link-light\" target=\"_blank\">Connectez-vous<\/a><\/p>\n<p style=\"text-align: center; padding-top: 15px; padding-bottom: 8px; vertical-align: bottom;\">bloqu\u00e9<strong> Pour lire la suite, abonnez-vous<\/strong><\/p>\n<p style=\"text-align: center;\"><strong>1er mois \u00e0 1\u20ac<\/strong><\/p>\n<p style=\"text-align: center; margin-top: -5px;\">Annulable \u00e0 tout moment<\/p>\n<p style=\"text-align: center;\">\u00a0<\/p>\n<p style=\"text-align: center;\"><a data-ida=\"\" data-trkartmonet=\"Tunnel OF+\" data-trk-sipa=\"{&#010;\" blockcategory=\"\" paywall=\"\" :=\"\" m=\"\" of=\"\" class=\"su-button su-subscription\" data-trk-bloc=\"paywall\" href=\"https:\/\/abonnement.ouest-france.fr\/tunnel\/pack-essentiel-article\/122096117101?int_medium=lien&amp;int_campaign=PWFR0225-OF&amp;int_content=page-article-payant_boutonjaune-paywall&amp;marquesource=OF&amp;rt=https:\/\/www.ouest-france.fr\/sport\/football\/le-mans-fc\/rester-dans-notre-bulle-a-nice-comme-ailleurs-le-mans-fc-doit-sadapter-aux-chaudes-ambiances-de-ligue-1-42598900-a871-11f1-a618-771a80631f2f\" rel=\"nofollow noopener\" target=\"_blank\"><strong>Je m&rsquo;abonne<\/strong><\/a><\/p>\n<p style=\"text-align: center; padding-top: 10px; padding-bottom: 10px;\"><img decoding=\"async\" src=\"https:\/\/media.ouest-france.fr\/v1\/fonts\/be7723fcee3f1866f1ce99184077fc6f-carte-bancaire.svg?height=36\" alt=\"CB\"\/>\u00a0\u00a0<img decoding=\"async\" src=\"https:\/\/media.ouest-france.fr\/v1\/fonts\/1819d54c599d8afa64539cfba4ac9dde-rib.svg?height=36\" alt=\"RIB\"\/>\u00a0\u00a0<img decoding=\"async\" src=\"https:\/\/media.ouest-france.fr\/v1\/fonts\/065fc80d7b6a03d14a834c224ce723e1-paypal.svg?height=36\" alt=\"PAYPAL\"\/><\/p>\n","protected":false},"excerpt":{"rendered":"Article premium, R\u00e9serv\u00e9 aux\u00a0abonn\u00e9s Avec son accession dans l\u2019\u00e9lite, Le Mans FC retrouve aussi des stades pleins et&hellip;\n","protected":false},"author":2,"featured_media":1169040,"comment_status":"","ping_status":"","sticky":false,"template":"","format":"standard","meta":{"footnotes":"","_share_on_mastodon":"0"},"categories":[2819],"tags":[1111,11,1777,674,63,1011,27,2191,40797,66,12,2401,2268,882,25,25849,517],"class_list":["post-1169039","post","type-post","status-publish","format-standard","has-post-thumbnail","category-nice","tag-actu","tag-actualites","tag-eu","tag-europe","tag-football","tag-fr","tag-france","tag-le-mans","tag-le-mans-fc","tag-ligue-1","tag-news","tag-nice","tag-ogc-nice","tag-provence-alpes-cote-dazur","tag-republique-francaise","tag-sarthe","tag-sport"],"share_on_mastodon":{"url":"https:\/\/pubeurope.com\/@fr\/117218911974836146","error":""},"_links":{"self":[{"href":"https:\/\/www.europesays.com\/fr\/wp-json\/wp\/v2\/posts\/1169039","targetHints":{"allow":["GET"]}}],"collection":[{"href":"https:\/\/www.europesays.com\/fr\/wp-json\/wp\/v2\/posts"}],"about":[{"href":"https:\/\/www.europesays.com\/fr\/wp-json\/wp\/v2\/types\/post"}],"author":[{"embeddable":true,"href":"https:\/\/www.europesays.com\/fr\/wp-json\/wp\/v2\/users\/2"}],"replies":[{"embeddable":true,"href":"https:\/\/www.europesays.com\/fr\/wp-json\/wp\/v2\/comments?post=1169039"}],"version-history":[{"count":0,"href":"https:\/\/www.europesays.com\/fr\/wp-json\/wp\/v2\/posts\/1169039\/revisions"}],"wp:featuredmedia":[{"embeddable":true,"href":"https:\/\/www.europesays.com\/fr\/wp-json\/wp\/v2\/media\/1169040"}],"wp:attachment":[{"href":"https:\/\/www.europesays.com\/fr\/wp-json\/wp\/v2\/media?parent=1169039"}],"wp:term":[{"taxonomy":"category","embeddable":true,"href":"https:\/\/www.europesays.com\/fr\/wp-json\/wp\/v2\/categories?post=1169039"},{"taxonomy":"post_tag","embeddable":true,"href":"https:\/\/www.europesays.com\/fr\/wp-json\/wp\/v2\/tags?post=1169039"}],"curies":[{"name":"wp","href":"https:\/\/api.w.org\/{rel}","templated":true}]}}