{"id":1169060,"date":"2026-09-05T14:45:24","date_gmt":"2026-09-05T14:45:24","guid":{"rendered":"https:\/\/www.europesays.com\/fr\/1169060\/"},"modified":"2026-09-05T14:45:24","modified_gmt":"2026-09-05T14:45:24","slug":"haute-savoie-deux-lyonnais-toujours-en-garde-a-vue-apres-le-braquage-dun-negociant-en-montres-de-luxe","status":"publish","type":"post","link":"https:\/\/www.europesays.com\/fr\/1169060\/","title":{"rendered":"Haute-Savoie : deux Lyonnais toujours en garde \u00e0 vue apr\u00e8s le braquage d\u2019un n\u00e9gociant en montres de luxe"},"content":{"rendered":"<p itemprop=\"description\"><strong>Deux hommes originaires de Lyon ont \u00e9t\u00e9 interpell\u00e9s apr\u00e8s le braquage d\u2019un n\u00e9gociant en montres de luxe \u00e0 Scionzier, jeudi 3 septembre. Leur fuite s\u2019est achev\u00e9e \u00e0 Annecy apr\u00e8s une course-poursuite sur l\u2019A41.<\/strong><\/p>\n<p>Le local professionnel d\u2019un n\u00e9gociant en montres de luxe a \u00e9t\u00e9 pris pour cible jeudi \u00e0 Scionzier.<\/p>\n<p>Arm\u00e9s et cagoul\u00e9s, plusieurs individus ont fait irruption alors que le professionnel se trouvait sur place. Ils sont repartis avec des biens dont la valeur totale ne d\u00e9passerait pas 1 000 euros.<\/p>\n<p>Les suspects ont ensuite pris la fuite en voiture. Une course-poursuite s\u2019est engag\u00e9e sur l\u2019A41 avant de prendre fin \u00e0 Annecy, o\u00f9 deux hommes \u00e2g\u00e9s de 24 et 28 ans ont \u00e9t\u00e9 interpell\u00e9s.<\/p>\n<p>Pr\u00e9sentation prochaine \u00e0 un magistrat<\/p>\n<p>Les deux suspects, originaires de Lyon, \u00e9taient toujours en garde \u00e0 vue vendredi apr\u00e8s-midi pour tentative d\u2019extorsion avec armes et refus d\u2019obtemp\u00e9rer.<\/p>\n<p>Ils doivent \u00eatre pr\u00e9sent\u00e9s \u00e0 un magistrat. L\u2019enqu\u00eate, men\u00e9e sous l\u2019autorit\u00e9 du parquet de Bonneville, doit permettre de pr\u00e9ciser les circonstances du braquage.<\/p>\n<p>Le n\u00e9gociant a de son c\u00f4t\u00e9 \u00e9t\u00e9 conduit \u00e0 l\u2019h\u00f4pital pour des examens avant de pouvoir ressortir quelques heures plus tard.<\/p>\n","protected":false},"excerpt":{"rendered":"Deux hommes originaires de Lyon ont \u00e9t\u00e9 interpell\u00e9s apr\u00e8s le braquage d\u2019un n\u00e9gociant en montres de luxe \u00e0&hellip;\n","protected":false},"author":2,"featured_media":1169061,"comment_status":"","ping_status":"","sticky":false,"template":"","format":"standard","meta":{"footnotes":"","_share_on_mastodon":"0"},"categories":[1889],"tags":[1111,11,2813,2190,2430,1109,251,1112,2811,1777,674,118,1011,27,1922,1110,1114,2428,2810,12,241,316,25,2812,517,800],"class_list":["post-1169060","post","type-post","status-publish","format-standard","has-post-thumbnail","category-lyon","tag-actu","tag-actualites","tag-article","tag-asvel","tag-auvergne-rhone-alpes","tag-breves","tag-culture","tag-depeches","tag-economique","tag-eu","tag-europe","tag-faits-divers","tag-fr","tag-france","tag-info","tag-informations","tag-infos","tag-lyon","tag-lyonmag","tag-news","tag-ol","tag-politique","tag-republique-francaise","tag-sociale","tag-sport","tag-transports"],"share_on_mastodon":{"url":"https:\/\/pubeurope.com\/@fr\/117218975907535867","error":""},"_links":{"self":[{"href":"https:\/\/www.europesays.com\/fr\/wp-json\/wp\/v2\/posts\/1169060","targetHints":{"allow":["GET"]}}],"collection":[{"href":"https:\/\/www.europesays.com\/fr\/wp-json\/wp\/v2\/posts"}],"about":[{"href":"https:\/\/www.europesays.com\/fr\/wp-json\/wp\/v2\/types\/post"}],"author":[{"embeddable":true,"href":"https:\/\/www.europesays.com\/fr\/wp-json\/wp\/v2\/users\/2"}],"replies":[{"embeddable":true,"href":"https:\/\/www.europesays.com\/fr\/wp-json\/wp\/v2\/comments?post=1169060"}],"version-history":[{"count":0,"href":"https:\/\/www.europesays.com\/fr\/wp-json\/wp\/v2\/posts\/1169060\/revisions"}],"wp:featuredmedia":[{"embeddable":true,"href":"https:\/\/www.europesays.com\/fr\/wp-json\/wp\/v2\/media\/1169061"}],"wp:attachment":[{"href":"https:\/\/www.europesays.com\/fr\/wp-json\/wp\/v2\/media?parent=1169060"}],"wp:term":[{"taxonomy":"category","embeddable":true,"href":"https:\/\/www.europesays.com\/fr\/wp-json\/wp\/v2\/categories?post=1169060"},{"taxonomy":"post_tag","embeddable":true,"href":"https:\/\/www.europesays.com\/fr\/wp-json\/wp\/v2\/tags?post=1169060"}],"curies":[{"name":"wp","href":"https:\/\/api.w.org\/{rel}","templated":true}]}}