{"id":1169073,"date":"2026-09-05T14:55:23","date_gmt":"2026-09-05T14:55:23","guid":{"rendered":"https:\/\/www.europesays.com\/fr\/1169073\/"},"modified":"2026-09-05T14:55:23","modified_gmt":"2026-09-05T14:55:23","slug":"couper-le-robinet-de-laide-a-lukraine-accuse-de-servir-la-russie-le-rn-embarrasse","status":"publish","type":"post","link":"https:\/\/www.europesays.com\/fr\/1169073\/","title":{"rendered":"\u201cCouper le robinet\u201d de l\u2019aide \u00e0 l\u2019Ukraine\u00a0: accus\u00e9 de \u201cservir la Russie\u201d, le RN embarrass\u00e9"},"content":{"rendered":"<p>                   <img fetchpriority=\"high\" decoding=\"async\" class=\"mx-auto\" src=\"data:image\/svg+xml,%3Csvg%20xmlns%3D%27http%3A%2F%2Fwww.w3.org%2F2000%2Fsvg%27%20fill%3D%22%23e4e4e4%22%20viewBox%3D%270%200%20510%20340%27%20width%3D%22510%22%20height%3D%22340%22%3E%3Cpath%20d%3D%27M0%200h510v340H0z%27%2F%3E%3C%2Fsvg%3E\"  loading=\"eager\" width=\"510\" height=\"340\" data-oncrawl-image-size=\"510x340\" alt=\"Jordan Bardella et Marine Le Pen, le 2\u00a0septembre 2025.\"\/>      <\/p>\n<p class=\"latino-100m text-grey-600\">  Jordan Bardella et Marine Le Pen, le 2\u00a0septembre 2025.\u00a0BERTRAND GUAY \/ AFP  <\/p>\n<p class=\"node__paragraphe antonia-750r text-grey-800 pb-24 pb-md-32\"> Quelle serait la politique de la France vis-\u00e0-vis de l\u2019aide \u00e0 l\u2019Ukraine face \u00e0 la Russie si le Rassemblement national (RN) arrivait au pouvoir en\u00a02027\u00a0? \u00ab\u00a0On coupe le robinet\u00a0\u00bb, pr\u00e9voit Louis Aliot, vice-pr\u00e9sident du parti d\u2019extr\u00eame droite, re\u00e7u sur BFMTV jeudi 3\u00a0septembre. Une position qui suscite une vague de critiques, et qui embarrasse le parti, qui <a href=\"https:\/\/www.nouvelobs.com\/election-presidentielle-2022\/20220412.OBS57047\/immigration-poutine-affaires-judiciaires-ce-que-marine-le-pen-veut-gommer.html\" rel=\"nofollow noopener\" target=\"_blank\">peine \u00e0 faire oublier<\/a> ses penchants pro-Poutine et au sein duquel la question russe fait r\u00e9guli\u00e8rement <a href=\"https:\/\/www.nouvelobs.com\/politique\/20260805.OBS117201\/un-baton-merdeux-sur-l-expulsion-de-xenia-fedorova-le-rn-avance-sans-cap-et-en-ordre-disperse.html\" rel=\"nofollow noopener\" target=\"_blank\">l\u2019objet de prises de bec<\/a>. <\/p>\n<p class=\"node__paragraphe antonia-750r text-grey-800 pb-24 pb-md-32\"> \u00ab\u00a0Couper le robinet \u00e0 l\u2019Ukraine, c\u2019est servir la Russie\u00a0\u00bb, a ainsi r\u00e9agi l\u2019ex-Premier ministre Edouard Philippe, candidat Horizons \u00e0 la pr\u00e9sidentielle, sur X. Avant de tacler\u00a0: \u00ab\u00a0Vous ne ferez oublier \u00e0 personne vos liens avec la Russie.\u00a0\u00bb M\u00eame r\u00e9action du c\u00f4t\u00e9 de Gabriel Attal, \u00e9galement ex-Premier ministre et candidat \u00e0 la pr\u00e9sidentielle\u00a0: \u00ab\u00a0Couper le robinet \u00e0 l\u2019Ukraine [\u2026] C\u2019est laisser Vladimir Poutine gagner.\u00a0\u00bb <\/p>\n<p>                                       Votes contre le soutien \u00e0 l\u2019Ukraine                              <\/p>\n<p class=\"node__paragraphe antonia-750r text-grey-800 pb-24 pb-md-32\"> Le patron du parti, Jordan Bardella, a tent\u00e9 de nuancer la proposition. Depuis le Royaume-Uni, o\u00f9 il est venu s\u2019afficher avec son alli\u00e9 anti-europ\u00e9en Nigel Farage, l\u2019eurod\u00e9put\u00e9 a d\u00e9clar\u00e9 vendredi que dans le cas d\u2019une victoire du RN \u00e0 la pr\u00e9sidentielle, \u00ab\u00a0la France continuera \u00e9videmment d\u2019honorer ses engagements internationaux, les engagements qu\u2019elle a pris, mais [\u2026] nous ne nous interdisons rien\u00a0\u00bb. <\/p>\n<p class=\"node__paragraphe antonia-750r text-grey-800 pb-24 pb-md-32\"> Reste qu\u2019au Parlement europ\u00e9en, Jordan Bardella a quasi syst\u00e9matiquement vot\u00e9 contre ou s\u2019est abstenu quand il a fallu soutenir l\u2019Ukraine ou des pays victimes des attaques hybrides du Kremlin, comme <a href=\"https:\/\/www.nouvelobs.com\/politique\/20260227.OBS112740\/les-votes-pro-poutine-de-jordan-bardella-au-parlement-europeen-decryptes.html\" rel=\"nofollow noopener\" target=\"_blank\">nous le d\u00e9taillions<\/a> dans cet article. <\/p>\n<p class=\"node__paragraphe antonia-750r text-grey-800 pb-24 pb-md-32\"> Re\u00e7ue au Kremlin en\u00a02017, \u00e9pingl\u00e9e par ses adversaires pour des positions jug\u00e9es conciliantes avec Vladimir Poutine ainsi que pour un pr\u00eat contract\u00e9 aupr\u00e8s d\u2019une banque russe dans les ann\u00e9es 2010, la candidate du parti \u00e0 la flamme, Marine Le Pen, a r\u00e9pondu en disant qu\u2019elle plaidait \u00ab\u00a0depuis l\u2019agression russe contre l\u2019Ukraine\u00a0\u00bb pour \u00ab\u00a0une grande conf\u00e9rence pour la paix\u00a0\u00bb afin d\u2019aboutir \u00e0 \u00ab\u00a0un r\u00e8glement diplomatique\u00a0\u00bb du conflit. <\/p>\n<p>                             \u00ab\u00a0Cheval de Troie de la Russie\u00a0\u00bb                              <\/p>\n<p class=\"node__paragraphe antonia-750r text-grey-800 pb-24 pb-md-32\"> La d\u00e9claration de Louis Aliot a aussi fait r\u00e9agit \u00e0 gauche. \u00ab\u00a0Le RN n\u2019a jamais chang\u00e9. Il pr\u00e9f\u00e9rera toujours Poutine \u00e0 la r\u00e9sistance du peuple ukrainien\u00a0\u00bb, a comment\u00e9 sur X Olivier Faure, patron du PS et candidat \u00e0 la pr\u00e9sidentielle. \u00ab\u00a0Le parti de la capitulation ne doit pas prendre le pouvoir en\u00a02027\u00a0\u00bb, a lanc\u00e9 son rival <a href=\"https:\/\/www.nouvelobs.com\/politique\/20260824.OBS117620\/raphael-glucksmann-face-a-la-presidentielle-2027-remporter-la-primaire-rassembler-la-gauche-installer-ses-idees-les-defis-qui-attendent-le-candidat.html\" rel=\"nofollow noopener\" target=\"_blank\">dans la primaire de la gauche<\/a> Rapha\u00ebl Glucksmann (Place publique) sur X. <\/p>\n<p class=\"node__paragraphe antonia-750r text-grey-800 pb-24 pb-md-32\"> \u00ab\u00a0Le Rassemblement national montre son vrai visage\u00a0: pour eux, une possible victoire de Poutine en Ukraine n\u2019est pas un probl\u00e8me, c\u2019est m\u00eame plut\u00f4t ce qu\u2019ils recherchent\u00a0\u00bb, a attaqu\u00e9 la patronne des Ecologistes Marine Tondelier depuis Lille ce samedi, qualifiant Marine Le Pen de \u00ab\u00a0cheval de Troie\u00a0\u00bb des \u00ab\u00a0grands ennemis de l\u2019Europe et de la France\u00a0\u00bb. <\/p>\n<p class=\"authors latino-600m text-grey-800\">        Par\u00a0 Le Nouvel Obs avec AFP<\/p>\n","protected":false},"excerpt":{"rendered":"Jordan Bardella et Marine Le Pen, le 2\u00a0septembre 2025.\u00a0BERTRAND GUAY \/ AFP Quelle serait la politique de la&hellip;\n","protected":false},"author":2,"featured_media":1169074,"comment_status":"","ping_status":"","sticky":false,"template":"","format":"standard","meta":{"footnotes":"","_share_on_mastodon":"0"},"categories":[1591],"tags":[5734,10983,11,4526,50697,102337,1887,12,316,16364,1885,1886,132,93996,220],"class_list":["post-1169073","post","type-post","status-publish","format-standard","has-post-thumbnail","category-russie","tag-5734","tag-accuse","tag-actualites","tag-aide","tag-couper","tag-election-presidentielle-de-2027","tag-federation-de-russie","tag-news","tag-politique","tag-robinet","tag-russia","tag-russian-federation","tag-russie","tag-servir","tag-ukraine"],"share_on_mastodon":{"url":"https:\/\/pubeurope.com\/@fr\/117219015126394248","error":""},"_links":{"self":[{"href":"https:\/\/www.europesays.com\/fr\/wp-json\/wp\/v2\/posts\/1169073","targetHints":{"allow":["GET"]}}],"collection":[{"href":"https:\/\/www.europesays.com\/fr\/wp-json\/wp\/v2\/posts"}],"about":[{"href":"https:\/\/www.europesays.com\/fr\/wp-json\/wp\/v2\/types\/post"}],"author":[{"embeddable":true,"href":"https:\/\/www.europesays.com\/fr\/wp-json\/wp\/v2\/users\/2"}],"replies":[{"embeddable":true,"href":"https:\/\/www.europesays.com\/fr\/wp-json\/wp\/v2\/comments?post=1169073"}],"version-history":[{"count":0,"href":"https:\/\/www.europesays.com\/fr\/wp-json\/wp\/v2\/posts\/1169073\/revisions"}],"wp:featuredmedia":[{"embeddable":true,"href":"https:\/\/www.europesays.com\/fr\/wp-json\/wp\/v2\/media\/1169074"}],"wp:attachment":[{"href":"https:\/\/www.europesays.com\/fr\/wp-json\/wp\/v2\/media?parent=1169073"}],"wp:term":[{"taxonomy":"category","embeddable":true,"href":"https:\/\/www.europesays.com\/fr\/wp-json\/wp\/v2\/categories?post=1169073"},{"taxonomy":"post_tag","embeddable":true,"href":"https:\/\/www.europesays.com\/fr\/wp-json\/wp\/v2\/tags?post=1169073"}],"curies":[{"name":"wp","href":"https:\/\/api.w.org\/{rel}","templated":true}]}}