{"id":116908,"date":"2025-05-21T13:01:13","date_gmt":"2025-05-21T13:01:13","guid":{"rendered":"https:\/\/www.europesays.com\/fr\/116908\/"},"modified":"2025-05-21T13:01:13","modified_gmt":"2025-05-21T13:01:13","slug":"les-habitants-des-moulins-lancent-une-petition-pour-la-reouverture-immediate-du-jardin-bois-de-boulogne-a-nice","status":"publish","type":"post","link":"https:\/\/www.europesays.com\/fr\/116908\/","title":{"rendered":"Les habitants des Moulins lancent une p\u00e9tition pour \u00ab\u00a0la r\u00e9ouverture imm\u00e9diate\u00a0\u00bb du jardin Bois-de-Boulogne \u00e0 Nice"},"content":{"rendered":"<p>Ferm\u00e9 depuis 2002, le jardin Bois-de-Boulogne n\u2019est pas pr\u00e8s d\u2019accueillir de nouveau les habitants du quartier des Moulins. Car rien n\u2019a boug\u00e9 depuis que les ennuis du parc ont d\u00e9marr\u00e9.<\/p>\n<p><a href=\"https:\/\/www.nicematin.com\/vie-locale\/un-jardin-public-privatise-par-le-departement-nouveau-bras-de-fer-politique-a-nice-824833\" rel=\"nofollow noopener\" target=\"_blank\">C\u2019\u00e9tait \u00e0 l\u2019\u00e9t\u00e9 2021. De nombreuses nuisances \u00e9taient signal\u00e9es<\/a>: f\u00eates sauvages avec barbecues g\u00e9ants, musique diffus\u00e9e tardivement et \u00e0 volume \u00e9lev\u00e9 et, surtout, personnes alcoolis\u00e9es et agressives. Le D\u00e9partement \u2013 propri\u00e9taire des lieux \u2013 avait alors pr\u00e9vu des travaux de s\u00e9curisation du site. Mais en l\u2019absence d\u2019actions, la Ville \u2013 qui avait la gestion du parc \u2013 a d\u00e9cid\u00e9 de rompre la convention qui les liait. Rendant, de fait, la fermeture du parc in\u00e9vitable.<\/p>\n<p>Face au statu quo actuel, les habitants de l\u2019ouest de la ville ont diffus\u00e9 une p\u00e9tition r\u00e9clamant la \u00ab\u00a0r\u00e9ouverture imm\u00e9diate\u00a0\u00bb du jardin.<\/p>\n<p>\u00ab\u00a0Les enfants n\u2019ont plus rien\u00a0\u00bb<\/p>\n<p>\u00ab\u00a0C\u2019est un parc agr\u00e9able pour les riverains, il n\u2019est pas expos\u00e9 aux voitures puisqu\u2019il est ferm\u00e9, souligne Rosario Lo Cicero, le pr\u00e9sident du comit\u00e9 de quartier des Moulins. De nombreuses personnes nous demandaient pourquoi le jardin \u00e9tait ferm\u00e9, alors on s\u2019est dit qu\u2019on allait lancer une p\u00e9tition car on ne voulait pas rester sans rien faire.\u00a0\u00bb<\/p>\n<p>Lanc\u00e9e il y a une dizaine de jours, elle a recueilli pr\u00e8s de 400 signatures.<\/p>\n<p>Agir, c\u2019est une \u00e9vidence pour celui qui est \u00e9galement le pr\u00e9sident de l\u2019association des commer\u00e7ants: \u00ab\u00a0Je veux me battre pour \u00e7a.\u00a0\u00bb<\/p>\n<p>\u00ab\u00a0Les enfants n\u2019ont plus rien, soupire-t-il. Il n\u2019y a plus de stade \u00e0 Nika\u00efa et ce n\u2019est pas au complexe du Mercantour qu\u2019ils peuvent faire de l\u2019athl\u00e9tisme.\u00a0\u00bb Il ajoute: \u00ab\u00a0Les jeunes qui n\u2019ont rien \u00e0 faire tournent en rond alors que, quand ils font du sport, \u00e7a les occupe et \u00e7a les emp\u00eache de faire des b\u00eatises\u00a0\u00bb.<\/p>\n<p>Il n\u2019est pas concevable, pour Rosario, que le Bois-de-Boulogne soit remplac\u00e9 par un immeuble, malgr\u00e9 les rumeurs qui circulent. \u00ab\u00a0C\u2019est un endroit superbe o\u00f9 il y a aussi des tables pour pique-niquer, sourit-il, nostalgique. Mes enfants y ont m\u00eame fait de la luge quand il y avait de la neige, en 1984.\u00a0\u00bb<\/p>\n<p>\u00ab\u00a0C\u2019\u00e9tait mon coin pr\u00e9f\u00e9r\u00e9\u00a0\u00bb<\/p>\n<p>              <img ci-src=\"https:\/\/www.nicematin.com\/vie-locale\/protec\/DATA_ART_15550872-f4rscVQd.jpg?vh=6c9141&amp;ci_seal=f7f3853afd\" alt=\"\"\/><br \/>\n        Le square des Jacarandas, dans le quartier des Moulins, est pris d\u2019assaut chaque jour par les familles.&#13;<br \/>\nPhoto Cl. C. <\/p>\n<p>Faute de pouvoir fr\u00e9quenter ce vaste espace vert de 15.000m2, les familles des Moulins se rabattent sur les jardins, plus r\u00e9duits, du c\u0153ur du quartier. C\u2019est le cas notamment au square des Jacarandas \u2013 apr\u00e8s l\u2019\u00e9cole mais aussi le mercredi et le week-end \u2013 o\u00f9 tous s\u2019entassent o\u00f9 il y a de la place. Le square a beau \u00eatre \u00e9quip\u00e9 de jeux, d\u2019un sol en synth\u00e9tique et de bancs, il n\u2019en demeure pas moins exigu. Il a \u00e9t\u00e9 fra\u00eechement r\u00e9nov\u00e9 et des arbres y ont \u00e9t\u00e9 plant\u00e9s, mais il va falloir \u00eatre patient pour qu\u2019ils puissent enfin faire de l\u2019ombre aux tables de pique-nique install\u00e9es \u00e0 leurs pieds. Assia, Nadgeh, A\u00efcha, Fatma et Alima s\u2019y retrouvent quasi quotidiennement. \u00ab\u00a0Le matin, il y fait bon, il y a un peu d\u2019ombre, s\u2019accordent-elles. Mais l\u2019apr\u00e8s-midi, il n\u2019y a pas assez de places pour tout le monde et, du coup, pas assez de jeux.\u00a0\u00bb<\/p>\n<p>Enfant du quartier, Makkia a grandi aux Moulins. \u00ab\u00a0Le Bois-de-Boulogne, c\u2019\u00e9tait mon coin pr\u00e9f\u00e9r\u00e9 tous les week-ends, se rappelle-t-elle. On y faisait du v\u00e9lo, du roller et des jeux de ballon. Et puis, on y organisait des pique-niques.\u00a0\u00bb Elle se souvient du moment o\u00f9 \u00e7a a bascul\u00e9: \u00ab\u00a0Il y avait des rassemblements de personnes, on ne se sentait plus en s\u00e9curit\u00e9.\u00a0\u00bb Elle soupire. \u00ab\u00a0On aimerait que \u00e7a rouvre.\u00a0\u00bb<\/p>\n<p>\u00ab\u00a0Il est imp\u00e9ratif de conserver des arbres sur ce secteur\u00a0\u00bb<\/p>\n<p>La Ville de Nice affirme son soutien aux habitants du quartier des Moulins et exprime son inqui\u00e9tude face aux rumeurs d\u2019un \u00ab\u00a0projet de construction d\u00e9nomm\u00e9 Eco-Cadam d\u2019une envergure significative\u00a0\u00bb qui \u00ab\u00a0serait \u00e0 l\u2019\u00e9tude sur l\u2019emprise du centre administratif d\u00e9partemental des Alpes-Maritimes et plus pr\u00e9cis\u00e9ment au sein du p\u00e9rim\u00e8tre arbor\u00e9 du jardin Bois-de-Boulogne\u00a0\u00bb. Des craintes affich\u00e9es dans un courrier adress\u00e9 au pr\u00e9sident du conseil d\u00e9partemental, Charles Ange Gin\u00e9sy, le 25 avril dernier.<\/p>\n<p>\u00ab\u00a0Nous sommes oppos\u00e9s \u00e0 ce projet imagin\u00e9 sur un parc tr\u00e8s arbor\u00e9 alors qu\u2019il n\u2019y en a pas d\u2019autres de cette qualit\u00e9 aux Moulins, annonce Monique Bailet, adjointe au maire d\u00e9l\u00e9gu\u00e9 au territoire Nice-Ouest. Il est normal de s\u2019inqui\u00e9ter de la perte de cet \u00eelot de fra\u00eecheur qui est \u00e9galement utile pour les travailleurs du Cadam. Il est imp\u00e9ratif de conserver des arbres sur ce secteur.\u00a0\u00bb Elle poursuit: \u00ab\u00a0Nous avons des contraintes hydrauliques impos\u00e9es et nous nous interrogeons sur le respect du plan de pr\u00e9vention des risques inondation\u00a0\u00bb.<\/p>\n<p>Concernant la gestion des lieux, \u00ab\u00a0la Ville ne peut pas assurer une s\u00e9curisation 24 heures\/24 et une police en continu est impossible\u00a0\u00bb, insiste-t-elle pour justifier la rupture de contrat avec le D\u00e9partement.<\/p>\n<p>Le D\u00e9partement pointe la Ville qui a cess\u00e9 de g\u00e9rer le parc<\/p>\n<p>\u00ab\u00a0Le D\u00e9partement n\u2019a pas de pouvoir de police pour assurer la s\u00e9curit\u00e9 d\u2019un lieu ouvert au public\u00a0\u00bb, insiste-t-il en renvoyant la balle \u00e0 la mairie de Nice, \u00ab\u00a0qui a ce pouvoir\u00a0\u00bb et dispose \u00ab\u00a0\u00e9galement d\u2019une police municipale pour le faire respecter\u00a0\u00bb. Et d\u2019enfoncer le clou: \u00ab\u00a0La mairie de Nice a rendu caduque l\u2019ouverture au public en d\u00e9non\u00e7ant la convention de mise \u00e0 disposition de lieux\u00a0\u00bb.<\/p>\n","protected":false},"excerpt":{"rendered":"Ferm\u00e9 depuis 2002, le jardin Bois-de-Boulogne n\u2019est pas pr\u00e8s d\u2019accueillir de nouveau les habitants du quartier des Moulins.&hellip;\n","protected":false},"author":2,"featured_media":116909,"comment_status":"","ping_status":"","sticky":false,"template":"","format":"standard","meta":{"footnotes":""},"categories":[2819],"tags":[1111,11,1777,674,1011,27,12,2401,882,25,3366],"class_list":{"0":"post-116908","1":"post","2":"type-post","3":"status-publish","4":"format-standard","5":"has-post-thumbnail","7":"category-nice","8":"tag-actu","9":"tag-actualites","10":"tag-eu","11":"tag-europe","12":"tag-fr","13":"tag-france","14":"tag-news","15":"tag-nice","16":"tag-provence-alpes-cote-dazur","17":"tag-republique-francaise","18":"tag-vie-locale"},"share_on_mastodon":{"url":"https:\/\/pubeurope.com\/@fr\/114545956321806471","error":""},"_links":{"self":[{"href":"https:\/\/www.europesays.com\/fr\/wp-json\/wp\/v2\/posts\/116908","targetHints":{"allow":["GET"]}}],"collection":[{"href":"https:\/\/www.europesays.com\/fr\/wp-json\/wp\/v2\/posts"}],"about":[{"href":"https:\/\/www.europesays.com\/fr\/wp-json\/wp\/v2\/types\/post"}],"author":[{"embeddable":true,"href":"https:\/\/www.europesays.com\/fr\/wp-json\/wp\/v2\/users\/2"}],"replies":[{"embeddable":true,"href":"https:\/\/www.europesays.com\/fr\/wp-json\/wp\/v2\/comments?post=116908"}],"version-history":[{"count":0,"href":"https:\/\/www.europesays.com\/fr\/wp-json\/wp\/v2\/posts\/116908\/revisions"}],"wp:featuredmedia":[{"embeddable":true,"href":"https:\/\/www.europesays.com\/fr\/wp-json\/wp\/v2\/media\/116909"}],"wp:attachment":[{"href":"https:\/\/www.europesays.com\/fr\/wp-json\/wp\/v2\/media?parent=116908"}],"wp:term":[{"taxonomy":"category","embeddable":true,"href":"https:\/\/www.europesays.com\/fr\/wp-json\/wp\/v2\/categories?post=116908"},{"taxonomy":"post_tag","embeddable":true,"href":"https:\/\/www.europesays.com\/fr\/wp-json\/wp\/v2\/tags?post=116908"}],"curies":[{"name":"wp","href":"https:\/\/api.w.org\/{rel}","templated":true}]}}