{"id":1169129,"date":"2026-09-05T15:32:31","date_gmt":"2026-09-05T15:32:31","guid":{"rendered":"https:\/\/www.europesays.com\/fr\/1169129\/"},"modified":"2026-09-05T15:32:31","modified_gmt":"2026-09-05T15:32:31","slug":"un-quinquagenaire-ecroue-pour-viols-dune-adolescente-lors-de-seances-esoteriques","status":"publish","type":"post","link":"https:\/\/www.europesays.com\/fr\/1169129\/","title":{"rendered":"Un quinquag\u00e9naire \u00e9crou\u00e9 pour viols d&rsquo;une adolescente lors de s\u00e9ances \u00e9sot\u00e9riques"},"content":{"rendered":"<p>Un homme de 53 ans a \u00e9t\u00e9 mis en examen et plac\u00e9 en d\u00e9tention provisoire \u00e0 Saint-\u00c9tienne. Il est soup\u00e7onn\u00e9 d\u2019avoir viol\u00e9 une adolescente de 14 ans lors de s\u00e9ances m\u00ealant pratiques \u00e9sot\u00e9riques, pri\u00e8res et \u00e9changes de sang. Une information judiciaire a \u00e9t\u00e9 ouverte afin de d\u00e9terminer si d\u2019autres faits similaires ont pu \u00eatre commis.<\/p>\n<p>L\u2019affaire a d\u00e9but\u00e9 le 20 ao\u00fbt lorsque l\u2019adolescente s\u2019est pr\u00e9sent\u00e9e au commissariat accompagn\u00e9e de sa m\u00e8re. La jeune fille affirme avoir \u00e9t\u00e9 viol\u00e9e environ 3 semaines plus t\u00f4t par le p\u00e8re de l\u2019une de ses amies, chez qui elle se trouvait. Selon une source polici\u00e8re cit\u00e9e par l\u2019AFP, la victime accuse \u00e9galement le quinquag\u00e9naire d\u2019avoir <strong>pr\u00e9lev\u00e9 son sang avant de le m\u00e9langer \u00e0 de la vodka<\/strong> et de lui faire boire cette pr\u00e9paration lors de s\u00e9ances d\u2019\u00e9sot\u00e9risme.<\/p>\n<p><strong>3 relations sexuelles reconnues par le suspect<\/strong><\/p>\n<p>Rapidement interpell\u00e9, l\u2019homme de 53 ans aurait reconnu avoir eu 3 relations sexuelles avec l\u2019adolescente, selon la m\u00eame source polici\u00e8re. Lors de la notification de sa garde \u00e0 vue, le suspect aurait \u00e9galement effectu\u00e9 des pri\u00e8res en latin. \u00c0 son domicile, les enqu\u00eateurs ont notamment d\u00e9couvert <strong>un autel d\u00e9di\u00e9 \u00e0 Satan ainsi qu\u2019un calice<\/strong>. L\u2019homme a \u00e9t\u00e9 <strong>mis en examen pour viols commis sur mineure de 15 ans et administration de substances nuisibles<\/strong>. Il a ensuite \u00e9t\u00e9 plac\u00e9 en d\u00e9tention provisoire.<\/p>\n<p><strong>La justice cherche \u00e0 savoir s\u2019il existe d\u2019autres victimes<\/strong><\/p>\n<p>Une information judiciaire a \u00e9t\u00e9 ouverte \u00e0 la fin du mois d\u2019ao\u00fbt. Elle doit notamment permettre de d\u00e9terminer si le suspect a pu commettre d\u2019autres faits de m\u00eame nature. Ancien agent p\u00e9nitentiaire, le suspect avait d\u00e9j\u00e0 \u00e9t\u00e9 condamn\u00e9 \u00e0 une peine de prison ferme pour des violences intrafamiliales, selon la m\u00eame source.<\/p>\n<p>ZF<\/p>\n<p>\u00a0<\/p>\n","protected":false},"excerpt":{"rendered":"Un homme de 53 ans a \u00e9t\u00e9 mis en examen et plac\u00e9 en d\u00e9tention provisoire \u00e0 Saint-\u00c9tienne. Il&hellip;\n","protected":false},"author":2,"featured_media":1169130,"comment_status":"","ping_status":"","sticky":false,"template":"","format":"standard","meta":{"footnotes":"","_share_on_mastodon":"0"},"categories":[9653],"tags":[1111,11,2430,1777,674,1011,27,12,25,4001],"class_list":["post-1169129","post","type-post","status-publish","format-standard","has-post-thumbnail","category-saint-etienne","tag-actu","tag-actualites","tag-auvergne-rhone-alpes","tag-eu","tag-europe","tag-fr","tag-france","tag-news","tag-republique-francaise","tag-saint-etienne"],"share_on_mastodon":{"url":"https:\/\/pubeurope.com\/@fr\/117219160725962513","error":""},"_links":{"self":[{"href":"https:\/\/www.europesays.com\/fr\/wp-json\/wp\/v2\/posts\/1169129","targetHints":{"allow":["GET"]}}],"collection":[{"href":"https:\/\/www.europesays.com\/fr\/wp-json\/wp\/v2\/posts"}],"about":[{"href":"https:\/\/www.europesays.com\/fr\/wp-json\/wp\/v2\/types\/post"}],"author":[{"embeddable":true,"href":"https:\/\/www.europesays.com\/fr\/wp-json\/wp\/v2\/users\/2"}],"replies":[{"embeddable":true,"href":"https:\/\/www.europesays.com\/fr\/wp-json\/wp\/v2\/comments?post=1169129"}],"version-history":[{"count":0,"href":"https:\/\/www.europesays.com\/fr\/wp-json\/wp\/v2\/posts\/1169129\/revisions"}],"wp:featuredmedia":[{"embeddable":true,"href":"https:\/\/www.europesays.com\/fr\/wp-json\/wp\/v2\/media\/1169130"}],"wp:attachment":[{"href":"https:\/\/www.europesays.com\/fr\/wp-json\/wp\/v2\/media?parent=1169129"}],"wp:term":[{"taxonomy":"category","embeddable":true,"href":"https:\/\/www.europesays.com\/fr\/wp-json\/wp\/v2\/categories?post=1169129"},{"taxonomy":"post_tag","embeddable":true,"href":"https:\/\/www.europesays.com\/fr\/wp-json\/wp\/v2\/tags?post=1169129"}],"curies":[{"name":"wp","href":"https:\/\/api.w.org\/{rel}","templated":true}]}}