{"id":116914,"date":"2025-05-21T13:04:22","date_gmt":"2025-05-21T13:04:22","guid":{"rendered":"https:\/\/www.europesays.com\/fr\/116914\/"},"modified":"2025-05-21T13:04:22","modified_gmt":"2025-05-21T13:04:22","slug":"la-police-decouvre-une-flotte-de-10-motos-et-scooters-voles","status":"publish","type":"post","link":"https:\/\/www.europesays.com\/fr\/116914\/","title":{"rendered":"la police d\u00e9couvre une flotte de 10 motos et scooters vol\u00e9s"},"content":{"rendered":"<p>Une intervention polici\u00e8re dans le centre-ville a permis aux forces de l\u2019ordre de retrouver plusieurs deux-roues d\u00e9rob\u00e9s au cours des derniers mois. Plusieurs v\u00e9hicules \u00e9taient entass\u00e9s, d\u00e9soss\u00e9s, dans un local \u00e0 v\u00e9los. Trois jeunes ont \u00e9t\u00e9 interpell\u00e9s.<\/p>\n<p class=\"fig-paragraph\">Coup de filet sur l\u2019\u00eele\u00a0<a href=\"https:\/\/www.lefigaro.fr\/nantes\" target=\"_blank\" data-fig-type=\"Section\" rel=\"noopener\" data-gtm-custom-categorie=\"navigation\" data-gtm-custom-action=\"crossclick\" data-gtm-custom-label=\"Contextuel\" data-gtm-event=\"customEventSPE\" data-fig-domain=\"LEFIGARO\">de Nantes<\/a>. Une patrouille de police a mis la main sur une petite flotte de v\u00e9hicules vol\u00e9s, mardi 20 mai, lors d\u2019une intervention dans le centre-ville de la cit\u00e9 des ducs. Appel\u00e9s rue Pierre-\u00c9tienne Flandin pour un vol\u00a0<a href=\"http:\/\/www.lefigaro.fr\/automobile\/dossier\/deux-roues-essais-et-actualites\" target=\"_blank\" data-fig-type=\"Topic\" rel=\"noopener\" data-gtm-custom-categorie=\"navigation\" data-gtm-custom-action=\"crossclick\" data-gtm-custom-label=\"Contextuel\" data-gtm-event=\"customEventSPE\" data-fig-domain=\"LEFIGARO\">de deux-roues<\/a>\u00a0qui a fait l\u2019objet de plusieurs signalements, les forces de l\u2019ordre ont d\u00e9couvert un total de deux motos et huit scooters d\u00e9rob\u00e9s, en possession d\u2019un trio de suspects.<\/p>\n<p class=\"fig-paragraph\">La moto vol\u00e9e mardi, dont le chapardage avait provoqu\u00e9 \u00abune clameur publique\u00bb, selon les mots de\u00a0<a href=\"http:\/\/www.lefigaro.fr\/actualite-france\/louis-laugier-dg-de-la-police-nationale-nous-frappons-un-point-de-deal-toutes-les-trente-minutes-20250316\" target=\"_blank\" data-fig-type=\"Article\" rel=\"noopener\" data-gtm-custom-categorie=\"navigation\" data-gtm-custom-action=\"crossclick\" data-gtm-custom-label=\"Contextuel\" data-gtm-event=\"customEventSPE\" data-fig-domain=\"LEFIGARO\">la police nationale<\/a>, a pu \u00eatre retrouv\u00e9e dans le hall d\u2019un immeuble. Sur place, la fouille d\u2019un local \u00e0 v\u00e9lo qui, d\u2019apr\u00e8s les t\u00e9moins entendus par les forces de l\u2019ordre, \u00e9tait fr\u00e9quemment visit\u00e9 par les suspects, a permis de mettre au jour une seconde moto, d\u00e9clar\u00e9e vol\u00e9e f\u00e9vrier, ainsi que sept scooters d\u00e9soss\u00e9s. Un huiti\u00e8me scooter d\u00e9rob\u00e9 a \u00e9t\u00e9 saisi dans les \u00e9tages de l\u2019immeuble.<\/p>\n<p class=\"fig-paragraph\">Trois jeunes hommes, \u00e2g\u00e9s de 15 \u00e0 18 ans ont \u00e9t\u00e9 interpell\u00e9s au cours de l\u2019intervention polici\u00e8re, puis plac\u00e9s en garde \u00e0 vue au commissariat central de Nantes. L\u2019un des trois individus s\u2019est av\u00e9r\u00e9 \u00eatre recherch\u00e9 par la police, dans le cadre d\u2019une autre affaire. Les investigations sur les v\u00e9hicules d\u00e9soss\u00e9s commen\u00e7aient tout juste, mercredi matin.<\/p>\n","protected":false},"excerpt":{"rendered":"Une intervention polici\u00e8re dans le centre-ville a permis aux forces de l\u2019ordre de retrouver plusieurs deux-roues d\u00e9rob\u00e9s au&hellip;\n","protected":false},"author":2,"featured_media":116915,"comment_status":"","ping_status":"","sticky":false,"template":"","format":"standard","meta":{"footnotes":""},"categories":[2818],"tags":[1111,11,1777,674,462,1011,27,2640,2642,3302,766,2638,2643,2637,2639,2646,2645,2641,2635,2644,2647,12,2636,25,6291,1175],"class_list":{"0":"post-116914","1":"post","2":"type-post","3":"status-publish","4":"format-standard","5":"has-post-thumbnail","7":"category-nantes","8":"tag-actu","9":"tag-actualites","10":"tag-eu","11":"tag-europe","12":"tag-fc-nantes","13":"tag-fr","14":"tag-france","15":"tag-hauts-paves-saint-felix","16":"tag-ile-de-nantes","17":"tag-motos","18":"tag-nantes","19":"tag-nantes-bellevue-chantenay-sainte-anne","20":"tag-nantes-breil-barberie","21":"tag-nantes-centre-ville","22":"tag-nantes-dervallieres-zola","23":"tag-nantes-doulon-bottiere","24":"tag-nantes-erdre","25":"tag-nantes-malakoff-saint-donatien","26":"tag-nantes-metropole","27":"tag-nantes-nord","28":"tag-nantes-sud","29":"tag-news","30":"tag-pays-de-la-loire","31":"tag-republique-francaise","32":"tag-scooter","33":"tag-vol"},"share_on_mastodon":{"url":"https:\/\/pubeurope.com\/@fr\/114545968214231781","error":""},"_links":{"self":[{"href":"https:\/\/www.europesays.com\/fr\/wp-json\/wp\/v2\/posts\/116914","targetHints":{"allow":["GET"]}}],"collection":[{"href":"https:\/\/www.europesays.com\/fr\/wp-json\/wp\/v2\/posts"}],"about":[{"href":"https:\/\/www.europesays.com\/fr\/wp-json\/wp\/v2\/types\/post"}],"author":[{"embeddable":true,"href":"https:\/\/www.europesays.com\/fr\/wp-json\/wp\/v2\/users\/2"}],"replies":[{"embeddable":true,"href":"https:\/\/www.europesays.com\/fr\/wp-json\/wp\/v2\/comments?post=116914"}],"version-history":[{"count":0,"href":"https:\/\/www.europesays.com\/fr\/wp-json\/wp\/v2\/posts\/116914\/revisions"}],"wp:featuredmedia":[{"embeddable":true,"href":"https:\/\/www.europesays.com\/fr\/wp-json\/wp\/v2\/media\/116915"}],"wp:attachment":[{"href":"https:\/\/www.europesays.com\/fr\/wp-json\/wp\/v2\/media?parent=116914"}],"wp:term":[{"taxonomy":"category","embeddable":true,"href":"https:\/\/www.europesays.com\/fr\/wp-json\/wp\/v2\/categories?post=116914"},{"taxonomy":"post_tag","embeddable":true,"href":"https:\/\/www.europesays.com\/fr\/wp-json\/wp\/v2\/tags?post=116914"}],"curies":[{"name":"wp","href":"https:\/\/api.w.org\/{rel}","templated":true}]}}