{"id":1169182,"date":"2026-09-05T16:03:21","date_gmt":"2026-09-05T16:03:21","guid":{"rendered":"https:\/\/www.europesays.com\/fr\/1169182\/"},"modified":"2026-09-05T16:03:21","modified_gmt":"2026-09-05T16:03:21","slug":"200-litres-de-vodka-retrouves-dans-une-voiture-volee-tombee-en-panne-sur-la7","status":"publish","type":"post","link":"https:\/\/www.europesays.com\/fr\/1169182\/","title":{"rendered":"200 litres de vodka retrouv\u00e9s dans une voiture vol\u00e9e tomb\u00e9e en panne sur l&rsquo;A7"},"content":{"rendered":"<p>Deux individus aper\u00e7us en train de d\u00e9charger le v\u00e9hicule ont voulu prendre la fuite en voyant les forces de l&rsquo;ordre. La provenance de la cargaison n&rsquo;a pas \u00e9t\u00e9 identifi\u00e9e.<\/p>\n<p>Une grosse saisie. Les CRS autorouti\u00e8res Provence ont mis la main le 26 ao\u00fbt sur 200 litres de <a href=\"https:\/\/www.bfmtv.com\/international\/asie\/touristes-morts-intoxiques-au-laos-l-australie-met-en-garde-contre-une-vodka-et-un-whisky-locaux_AN-202411300342.html\" title=\"Touristes morts intoxiqu\u00e9s au Laos: l&#039;Australie met en garde contre une vodka et un whisky locaux\" class=\"internal_link\" rel=\"nofollow noopener\" target=\"_blank\">vodka<\/a>. La marchandise a \u00e9t\u00e9 retrouv\u00e9e dans un v\u00e9hicule vol\u00e9 tomb\u00e9 en panne sur l&rsquo;A7, \u00e0 proximit\u00e9 de Vitrolles (Bouches-du-Rh\u00f4ne).<\/p>\n<p>Les autorit\u00e9s ont \u00e9t\u00e9 appel\u00e9es pour intervenir sur le v\u00e9hicule qui stationnait sur les bords de la voie rapide. Alors que les policiers se trouvaient dans l&rsquo;autre sens de circulation, ils ont aper\u00e7u deux individus en train de d\u00e9charger la voiture.<\/p>\n<p>200 litres de vodka dans une voiture vol\u00e9e<\/p>\n<p>En apercevant la police, les deux suspects ont pris la fuite. Les forces de l&rsquo;ordre ont d\u00fb emprunter la bretelle de sortie pour reprendre l&rsquo;A7 en sens inverse.<\/p>\n<p>Arriv\u00e9s aupr\u00e8s du v\u00e9hicule, les CRS ont d\u00e9couvert plusieurs cartons contenant notamment des bouteilles de vodka. Au moins 200 litres ont \u00e9t\u00e9 saisis. Leur provenance n&rsquo;a pas \u00e9t\u00e9 identifi\u00e9e. La cargaison sera d\u00e9truite.<\/p>\n<p>En parall\u00e8le, les premi\u00e8res v\u00e9rifications ont permis de constater que le v\u00e9hicule avait \u00e9t\u00e9 signal\u00e9 comme vol\u00e9.<\/p>\n","protected":false},"excerpt":{"rendered":"Deux individus aper\u00e7us en train de d\u00e9charger le v\u00e9hicule ont voulu prendre la fuite en voyant les forces&hellip;\n","protected":false},"author":2,"featured_media":1169183,"comment_status":"","ping_status":"","sticky":false,"template":"","format":"standard","meta":{"footnotes":"","_share_on_mastodon":"0"},"categories":[2814],"tags":[1111,11,1777,674,1011,27,884,12,882,25],"class_list":["post-1169182","post","type-post","status-publish","format-standard","has-post-thumbnail","category-marseille","tag-actu","tag-actualites","tag-eu","tag-europe","tag-fr","tag-france","tag-marseille","tag-news","tag-provence-alpes-cote-dazur","tag-republique-francaise"],"share_on_mastodon":{"url":"https:\/\/pubeurope.com\/@fr\/117219282436468552","error":""},"_links":{"self":[{"href":"https:\/\/www.europesays.com\/fr\/wp-json\/wp\/v2\/posts\/1169182","targetHints":{"allow":["GET"]}}],"collection":[{"href":"https:\/\/www.europesays.com\/fr\/wp-json\/wp\/v2\/posts"}],"about":[{"href":"https:\/\/www.europesays.com\/fr\/wp-json\/wp\/v2\/types\/post"}],"author":[{"embeddable":true,"href":"https:\/\/www.europesays.com\/fr\/wp-json\/wp\/v2\/users\/2"}],"replies":[{"embeddable":true,"href":"https:\/\/www.europesays.com\/fr\/wp-json\/wp\/v2\/comments?post=1169182"}],"version-history":[{"count":0,"href":"https:\/\/www.europesays.com\/fr\/wp-json\/wp\/v2\/posts\/1169182\/revisions"}],"wp:featuredmedia":[{"embeddable":true,"href":"https:\/\/www.europesays.com\/fr\/wp-json\/wp\/v2\/media\/1169183"}],"wp:attachment":[{"href":"https:\/\/www.europesays.com\/fr\/wp-json\/wp\/v2\/media?parent=1169182"}],"wp:term":[{"taxonomy":"category","embeddable":true,"href":"https:\/\/www.europesays.com\/fr\/wp-json\/wp\/v2\/categories?post=1169182"},{"taxonomy":"post_tag","embeddable":true,"href":"https:\/\/www.europesays.com\/fr\/wp-json\/wp\/v2\/tags?post=1169182"}],"curies":[{"name":"wp","href":"https:\/\/api.w.org\/{rel}","templated":true}]}}