{"id":1169255,"date":"2026-09-05T16:57:18","date_gmt":"2026-09-05T16:57:18","guid":{"rendered":"https:\/\/www.europesays.com\/fr\/1169255\/"},"modified":"2026-09-05T16:57:18","modified_gmt":"2026-09-05T16:57:18","slug":"saint-etienne-metropole-esperons-que-cela-redynamisera-le-centre-les-transports-gratuits-le-samedi-cest-parti","status":"publish","type":"post","link":"https:\/\/www.europesays.com\/fr\/1169255\/","title":{"rendered":"Saint-\u00c9tienne M\u00e9tropole. \u00ab Esp\u00e9rons que cela redynamisera le centre \u00bb : les transports gratuits\u00a0le samedi, c\u2019est parti"},"content":{"rendered":"<p>\u00c9tait-ce la bonne humeur apport\u00e9e par Sioky, le kangourou vert mascotte de la Stas qui d\u00e9filait dans les rues st\u00e9phanoises ce samedi\u00a0? Ou bien le soleil g\u00e9n\u00e9reux qui donnait encore des airs d\u2019\u00e9t\u00e9\u00a0? Quoi qu\u2019il en soit, une large majorit\u00e9 des usagers interrog\u00e9s saluaient avec enthousiasme la petite r\u00e9volution tarifaire du jour. Car le 5\u00a0septembre a marqu\u00e9 la toute premi\u00e8re journ\u00e9e de gratuit\u00e9 dans les transports en commun de Saint-\u00c9tienne M\u00e9tropole.<\/p>\n<p>D\u00e9sormais, <a href=\"https:\/\/www.leprogres.fr\/economie\/2026\/08\/25\/stas-les-transports-en-commun-gratuits-tous-les-samedis-des-le-5-septembre\" target=\"_blank\" rel=\"nofollow noopener\">plus besoin de validation ni de titre de transport pour voyager le samedi<\/a>, de 4 heures du matin jusqu\u2019\u00e0 1 heure le dimanche, sur l\u2019ensemble des lignes du r\u00e9seau, y compris le service HandiStas d\u00e9di\u00e9 aux personnes en situation de handicap. Pr\u00e9vue en exp\u00e9rimentation jusqu\u2019au 31\u00a0d\u00e9cembre 2027, la d\u00e9marche vise \u00e0 soutenir le pouvoir d\u2019achat, redynamiser les centres-villes et encourager le report modal de la voiture vers le tram ou le bus.<\/p>\n<p>\u00ab\u00a0C\u2019est une tr\u00e8s bonne chose\u00a0!\u00a0\u00bb, se r\u00e9jouit Franck, crois\u00e9 \u00e0 bord du tram T2 \u00e0 la station Square&#8230;<\/p>\n","protected":false},"excerpt":{"rendered":"\u00c9tait-ce la bonne humeur apport\u00e9e par Sioky, le kangourou vert mascotte de la Stas qui d\u00e9filait dans les&hellip;\n","protected":false},"author":2,"featured_media":1169256,"comment_status":"","ping_status":"","sticky":false,"template":"","format":"standard","meta":{"footnotes":"","_share_on_mastodon":"0"},"categories":[9653],"tags":[1111,11,2430,7359,7539,436,1777,674,1011,27,3367,12,316,25,4001,7538,104,2803],"class_list":["post-1169255","post","type-post","status-publish","format-standard","has-post-thumbnail","category-saint-etienne","tag-actu","tag-actualites","tag-auvergne-rhone-alpes","tag-edition-loire-centre","tag-edition-loire-sud","tag-environnement","tag-eu","tag-europe","tag-fr","tag-france","tag-loire","tag-news","tag-politique","tag-republique-francaise","tag-saint-etienne","tag-saint-etienne-ville","tag-societe","tag-transport"],"share_on_mastodon":{"url":"","error":""},"_links":{"self":[{"href":"https:\/\/www.europesays.com\/fr\/wp-json\/wp\/v2\/posts\/1169255","targetHints":{"allow":["GET"]}}],"collection":[{"href":"https:\/\/www.europesays.com\/fr\/wp-json\/wp\/v2\/posts"}],"about":[{"href":"https:\/\/www.europesays.com\/fr\/wp-json\/wp\/v2\/types\/post"}],"author":[{"embeddable":true,"href":"https:\/\/www.europesays.com\/fr\/wp-json\/wp\/v2\/users\/2"}],"replies":[{"embeddable":true,"href":"https:\/\/www.europesays.com\/fr\/wp-json\/wp\/v2\/comments?post=1169255"}],"version-history":[{"count":0,"href":"https:\/\/www.europesays.com\/fr\/wp-json\/wp\/v2\/posts\/1169255\/revisions"}],"wp:featuredmedia":[{"embeddable":true,"href":"https:\/\/www.europesays.com\/fr\/wp-json\/wp\/v2\/media\/1169256"}],"wp:attachment":[{"href":"https:\/\/www.europesays.com\/fr\/wp-json\/wp\/v2\/media?parent=1169255"}],"wp:term":[{"taxonomy":"category","embeddable":true,"href":"https:\/\/www.europesays.com\/fr\/wp-json\/wp\/v2\/categories?post=1169255"},{"taxonomy":"post_tag","embeddable":true,"href":"https:\/\/www.europesays.com\/fr\/wp-json\/wp\/v2\/tags?post=1169255"}],"curies":[{"name":"wp","href":"https:\/\/api.w.org\/{rel}","templated":true}]}}