{"id":1169302,"date":"2026-09-05T17:31:20","date_gmt":"2026-09-05T17:31:20","guid":{"rendered":"https:\/\/www.europesays.com\/fr\/1169302\/"},"modified":"2026-09-05T17:31:20","modified_gmt":"2026-09-05T17:31:20","slug":"video-encore-mieux-les-soldes-a-la-grande-braderie-de-marseille-les-badauds-etaient-bien-au-rendez-vous","status":"publish","type":"post","link":"https:\/\/www.europesays.com\/fr\/1169302\/","title":{"rendered":"VID\u00c9O. \u00ab\u00a0Encore mieux les soldes\u00a0\u00bb : \u00e0\u00a0la grande braderie de Marseille, les badauds \u00e9taient bien au rendez-vous"},"content":{"rendered":"<p>Dans le <a href=\"https:\/\/www.laprovence.com\/article\/actualites\/3766770\/marseille-le-quartier-de-lopera-va-t-il-changer.html\" target=\"_self\" rel=\"nofollow noopener\">quartier de l&rsquo;Op\u00e9ra (1er)<\/a>, un flot continu de badauds fouille sur les portants install\u00e9s dans la rue, scrute les \u00e9tiquettes fluo sur lesquelles s&rsquo;affichent \u00ab\u00a0-70 %\u00a0\u00bb, \u00ab\u00a0-80 %\u00a0\u00bb, se lance des essayages \u00e0 m\u00eame le trottoir&#8230; \u00ab\u00a0\u00c7a n&rsquo;arr\u00eate pas depuis ce matin, commente \u00c9lisabeth, vendeuse chez Sugar, marque de textile marseillaise install\u00e9es \u00e0 l&rsquo;angle de la rue Sainte et de la rue Lulli. On pensait que la chaleur allait dissuader certains. Mais finalement, il y a peut-\u00eatre encore plus de monde que l&rsquo;an dernier. C&rsquo;est devenu un \u00e9v\u00e9nement auquel les gens sont habitu\u00e9s et attach\u00e9s : il y a les Marseillais bien s\u00fbr mais aussi des clients venus de Toulon, d&rsquo;Aix&#8230;\u00a0\u00bb Il faut dire que pour cette <a href=\"https:\/\/www.laprovence.com\/article\/region\/3628891831533914\/grande-braderie-a-marseille-ou-faire-des-bonnes-affaires-quelles-rues-fermees-toutes-nos-infos\" target=\"_self\" rel=\"nofollow noopener\">nouvelle \u00e9dition de la grande braderie d&rsquo;\u00e9t\u00e9<\/a>, organis\u00e9e par la Ville ce samedi 5 septembre, plus de 200 commer\u00e7ants du centre-ville (mais aussi de Vauban, la Corderie, Mazargues ou Saint-Barnab\u00e9) ont jou\u00e9 le jeu de l&rsquo;immense d\u00e9stockage.<\/p>\n<p>\u00ab\u00a0On se r\u00e9concilie avec le centre-ville\u00a0\u00bb<\/p>\n<p>Dans un hypercentre largement pi\u00e9tonnis\u00e9, les terrasses des restaurants font le plein et les animations install\u00e9es ici et l\u00e0 cr\u00e9ent de petits attroupements. \u00ab\u00a0On retrouve le plaisir de faire du shopping en ville, disent Hamid et &#8230;<\/p>\n","protected":false},"excerpt":{"rendered":"Dans le quartier de l&rsquo;Op\u00e9ra (1er), un flot continu de badauds fouille sur les portants install\u00e9s dans la&hellip;\n","protected":false},"author":2,"featured_media":1169303,"comment_status":"","ping_status":"","sticky":false,"template":"","format":"standard","meta":{"footnotes":"","_share_on_mastodon":"0"},"categories":[2814],"tags":[5734,121027,1111,11,33,1440,1777,674,1011,27,4027,151,884,32557,12,882,25,11772,133],"class_list":["post-1169302","post","type-post","status-publish","format-standard","has-post-thumbnail","category-marseille","tag-5734","tag-a-la","tag-actu","tag-actualites","tag-economie","tag-encore","tag-eu","tag-europe","tag-fr","tag-france","tag-grande","tag-les","tag-marseille","tag-mieux","tag-news","tag-provence-alpes-cote-dazur","tag-republique-francaise","tag-soldes","tag-video"],"share_on_mastodon":{"url":"https:\/\/pubeurope.com\/@fr\/117219628543707366","error":""},"_links":{"self":[{"href":"https:\/\/www.europesays.com\/fr\/wp-json\/wp\/v2\/posts\/1169302","targetHints":{"allow":["GET"]}}],"collection":[{"href":"https:\/\/www.europesays.com\/fr\/wp-json\/wp\/v2\/posts"}],"about":[{"href":"https:\/\/www.europesays.com\/fr\/wp-json\/wp\/v2\/types\/post"}],"author":[{"embeddable":true,"href":"https:\/\/www.europesays.com\/fr\/wp-json\/wp\/v2\/users\/2"}],"replies":[{"embeddable":true,"href":"https:\/\/www.europesays.com\/fr\/wp-json\/wp\/v2\/comments?post=1169302"}],"version-history":[{"count":0,"href":"https:\/\/www.europesays.com\/fr\/wp-json\/wp\/v2\/posts\/1169302\/revisions"}],"wp:featuredmedia":[{"embeddable":true,"href":"https:\/\/www.europesays.com\/fr\/wp-json\/wp\/v2\/media\/1169303"}],"wp:attachment":[{"href":"https:\/\/www.europesays.com\/fr\/wp-json\/wp\/v2\/media?parent=1169302"}],"wp:term":[{"taxonomy":"category","embeddable":true,"href":"https:\/\/www.europesays.com\/fr\/wp-json\/wp\/v2\/categories?post=1169302"},{"taxonomy":"post_tag","embeddable":true,"href":"https:\/\/www.europesays.com\/fr\/wp-json\/wp\/v2\/tags?post=1169302"}],"curies":[{"name":"wp","href":"https:\/\/api.w.org\/{rel}","templated":true}]}}