{"id":116932,"date":"2025-05-21T13:14:11","date_gmt":"2025-05-21T13:14:11","guid":{"rendered":"https:\/\/www.europesays.com\/fr\/116932\/"},"modified":"2025-05-21T13:14:11","modified_gmt":"2025-05-21T13:14:11","slug":"lyon-coupure-dinternet-a-lhopital-edouard-herriot-situation-preoccupante-pour-le-personnel-medical","status":"publish","type":"post","link":"https:\/\/www.europesays.com\/fr\/116932\/","title":{"rendered":"Lyon. Coupure d\u2019Internet \u00e0 l\u2019h\u00f4pital \u00c9douard-Herriot, situation pr\u00e9occupante pour le personnel m\u00e9dical"},"content":{"rendered":"<p>L\u2019h\u00f4pital \u00c9douard-Herriot, situ\u00e9 5, place d\u2019Arsonval dans le 3\u1d49 arrondissement de Lyon, subit une panne du r\u00e9seau Internet ce mercredi apr\u00e8s-midi, d\u2019apr\u00e8s les informations du Progr\u00e8s.<\/p>\n<p>Les ordinateurs n\u2019ont plus de connexion, tout comme les smartphones, qui ne peuvent plus acc\u00e9der au wifi. Le personnel rencontre ainsi de graves difficult\u00e9s pour acc\u00e9der aux dossiers des patients.<\/p>\n<p>  Tentative de r\u00e9tablissement<\/p>\n<p>Une situation pr\u00e9occupante pour le personnel m\u00e9dical, dont une partie des outils de travail repose sur des services num\u00e9riques.<\/p>\n<p>Notamment le service du brancardage qui fonctionne via des smartphones. Contact\u00e9 par Le Progr\u00e8s, le standard des Hospices civils de Lyon a confirm\u00e9 qu\u2019il avait \u00e9t\u00e9 inform\u00e9 de cette panne par e-mail, avec la mention qu\u2019une tentative de r\u00e9tablissement est en cours.<\/p>\n","protected":false},"excerpt":{"rendered":"L\u2019h\u00f4pital \u00c9douard-Herriot, situ\u00e9 5, place d\u2019Arsonval dans le 3\u1d49 arrondissement de Lyon, subit une panne du r\u00e9seau Internet&hellip;\n","protected":false},"author":2,"featured_media":116933,"comment_status":"","ping_status":"","sticky":false,"template":"","format":"standard","meta":{"footnotes":""},"categories":[1889],"tags":[1111,11,2430,271,272,2757,1777,674,274,107,1011,27,2428,2756,12,25,2429],"class_list":{"0":"post-116932","1":"post","2":"type-post","3":"status-publish","4":"format-standard","5":"has-post-thumbnail","7":"category-lyon","8":"tag-actu","9":"tag-actualites","10":"tag-auvergne-rhone-alpes","11":"tag-crime","12":"tag-delit-et-contravention","13":"tag-edition-lyon-villeurbanne","14":"tag-eu","15":"tag-europe","16":"tag-faits-divers-justice","17":"tag-fil-info","18":"tag-fr","19":"tag-france","20":"tag-lyon","21":"tag-lyon-bassin","22":"tag-news","23":"tag-republique-francaise","24":"tag-rhone"},"share_on_mastodon":{"url":"https:\/\/pubeurope.com\/@fr\/114546007405604104","error":""},"_links":{"self":[{"href":"https:\/\/www.europesays.com\/fr\/wp-json\/wp\/v2\/posts\/116932","targetHints":{"allow":["GET"]}}],"collection":[{"href":"https:\/\/www.europesays.com\/fr\/wp-json\/wp\/v2\/posts"}],"about":[{"href":"https:\/\/www.europesays.com\/fr\/wp-json\/wp\/v2\/types\/post"}],"author":[{"embeddable":true,"href":"https:\/\/www.europesays.com\/fr\/wp-json\/wp\/v2\/users\/2"}],"replies":[{"embeddable":true,"href":"https:\/\/www.europesays.com\/fr\/wp-json\/wp\/v2\/comments?post=116932"}],"version-history":[{"count":0,"href":"https:\/\/www.europesays.com\/fr\/wp-json\/wp\/v2\/posts\/116932\/revisions"}],"wp:featuredmedia":[{"embeddable":true,"href":"https:\/\/www.europesays.com\/fr\/wp-json\/wp\/v2\/media\/116933"}],"wp:attachment":[{"href":"https:\/\/www.europesays.com\/fr\/wp-json\/wp\/v2\/media?parent=116932"}],"wp:term":[{"taxonomy":"category","embeddable":true,"href":"https:\/\/www.europesays.com\/fr\/wp-json\/wp\/v2\/categories?post=116932"},{"taxonomy":"post_tag","embeddable":true,"href":"https:\/\/www.europesays.com\/fr\/wp-json\/wp\/v2\/tags?post=116932"}],"curies":[{"name":"wp","href":"https:\/\/api.w.org\/{rel}","templated":true}]}}