{"id":1169331,"date":"2026-09-05T17:51:34","date_gmt":"2026-09-05T17:51:34","guid":{"rendered":"https:\/\/www.europesays.com\/fr\/1169331\/"},"modified":"2026-09-05T17:51:34","modified_gmt":"2026-09-05T17:51:34","slug":"un-plat-du-pied-magnifique-a-20-metres-la-video-du-but-contre-son-camp-gag-de-bastia-en-ligue-3-lequipe","status":"publish","type":"post","link":"https:\/\/www.europesays.com\/fr\/1169331\/","title":{"rendered":"Un plat du pied magnifique \u00e0 20 m\u00e8tres : la vid\u00e9o du but contre son camp gag de Bastia en Ligue 3 &#8211; L&#039;\u00c9quipe"},"content":{"rendered":"<ol>\n<li><a href=\"https:\/\/news.google.com\/rss\/articles\/CBMi3wFBVV95cUxPSlRmYTc0bmZpc0o5MU9rTGhwNTJlQnZQYVVaLVVpNHhXQWc1aDNrdzZ6VVBXQ0FZWjExR3paTGd6WWMtQ1hCQ2RHdFJXOXluZWM2X2NaMWFQeHhuSVFFTzZOdmRNNHhEV0lOeS1JbDYtNUtWbXVJMXVKZjU3YklWSDhMTElVYXUtYTRxbzMydDdBeHBRcVJWWVNyREdqeWJqOHhGT09IMTZIMVRQdGIyak5rQm41M0QxNzE4X2NTVUx0MW5ZZ19ZSThuMnVrTG1XNmFQNFBTVEF5U2tJTl9R?oc=5\" target=\"_blank\" rel=\"nofollow noopener\">Un plat du pied magnifique \u00e0 20 m\u00e8tres : la vid\u00e9o du but contre son camp gag de Bastia en Ligue 3<\/a>&nbsp;&nbsp;L&rsquo;\u00c9quipe<\/li>\n<li><a href=\"https:\/\/news.google.com\/rss\/articles\/CBMixgFBVV95cUxPQ0Q1elAyQk1FOFlEOVE2UzFUaVlUa0tJNWdJck4xbVlMclQxSGFnaWI4SW1FNDZiUXFiZ0hQWENaNzh4cWZCWTVLQUVISDczN051RlV0cEVpbmMxNzQ4a1Qza2F3bUJDTUluamV5R003aXFhQzNPTkkwZktrajRmMktVanlnZGRJX3FOU2ZXQ3FKdFc2dVJNZDBzZmk5NGwxWTBzVjFrWUFDNGlkUFJBTjlWN3JHc2lXcXh6S3ZleE9qUWVmeUE?oc=5\" target=\"_blank\" rel=\"nofollow noopener\">Football (Ligue 3) : nouvelle victoire pour l\u2019Amiens SC \u00e0 Bastia<\/a>&nbsp;&nbsp;Courrier picard<\/li>\n<li><a href=\"https:\/\/news.google.com\/rss\/articles\/CBMiugFBVV95cUxQLUx0UGhiQ1VSbkJkR3oyUEtPY05Lc1FJdUtVZFVxdV9jY1VMUXBGWXFxWDBmUi1LMFZ3X2ZMbmxvY0xYenlFdEtNSF91WkZ1MGhrakRkVW4zUGdfTy1aMU42YWtrYUNDcmxJTVctaHpxMk45QWU1ZFdfM2owQ2FXNmduMF8yWFJXa202Um5OOWVUYV9lTTcxcS1HNmJyUEx6RURGSVQyeWsyRlFkZ2ZaeF91bUI2MHcwSGc?oc=5\" target=\"_blank\" rel=\"nofollow noopener\">Football : retour du public \u00e0 Furiani pour SCB-Amiens ce samedi<\/a>&nbsp;&nbsp;France 3 R\u00e9gions<\/li>\n<li><a href=\"https:\/\/news.google.com\/rss\/articles\/CBMitgFBVV95cUxPa01NQnFrR1BSTHNqdENUNXp0cWhDQ1B5b05qbHZwbmcxMnJOaXpXSXo0V0had3BGZGpJOFBpdFBuN21oaHNlRGhLdFZlS0lhVXlLZkdKMUEybmItTUthVm80VHhCYmJJSXpaV212Ul9ZU3g3LUFjejBaYUVEbWFFMWNmTVB4XzdsU2wyVi1yb0NjRjFlMHhEUEotXzdnZHc0NFIxZ1hOOVpuXzN4YWhMUl91c21GUQ?oc=5\" target=\"_blank\" rel=\"nofollow noopener\">Le Sporting prend une nouvelle fois l\u2019eau \u00e0 Furiani face \u00e0 Amiens (0-3)<\/a>&nbsp;&nbsp;Corse Net Infos<\/li>\n<li><a href=\"https:\/\/news.google.com\/rss\/articles\/CBMi6wFBVV95cUxQTEFweWxEYWFSYmlZVkFGVFotYlRfWmNPM3pVNWwxcS02VU9MdWZJQXFrMmhHRWpKS0JpcjFhakY1TS1BYTRMa0Y0QXB1X3RpSzFjb0NXYjJKWWdVSjdXdms4ektydGUwUVliZk9tZUF3X244Z0FUdDhjMnh6YWZXblhrRVFMNWZjdF9qZmdJcjVTZDgtS29kMjVoYVhuWkdyeTZucEVHaV9xU3hFTkMxb1pkMW9YcXl6dHFNUFFFU3VlQmNLbzY3STdtNVB0VmYxM1Zob2NGSHJBWFFEakFHZ28xR29PY2FsM2lN?oc=5\" target=\"_blank\" rel=\"nofollow noopener\">SC Bastia &#8211; Amiens : \u00e0 quelle heure et sur quelle cha\u00eene voir le match du Sporting \u00e0 Furiani ?<\/a>&nbsp;&nbsp;Corse Matin<\/li>\n<\/ol>\n","protected":false},"excerpt":{"rendered":"Un plat du pied magnifique \u00e0 20 m\u00e8tres : la vid\u00e9o du but contre son camp gag de&hellip;\n","protected":false},"author":2,"featured_media":1169332,"comment_status":"","ping_status":"","sticky":false,"template":"","format":"standard","meta":{"footnotes":"","_share_on_mastodon":"0"},"categories":[2],"tags":[11,121028,24738,5621,121029,86798,63,1011,27,99914,12,1833,25,105443,133,93623],"class_list":["post-1169331","post","type-post","status-publish","format-standard","has-post-thumbnail","category-actualites","tag-actualites","tag-aller-5e-journee","tag-amiens","tag-bastia","tag-bastia-amiens","tag-breves-et-depeches","tag-football","tag-fr","tag-france","tag-ligue-3","tag-news","tag-redaction","tag-republique-francaise","tag-saison-2026-2027","tag-video","tag-video-source-externe"],"share_on_mastodon":{"url":"https:\/\/pubeurope.com\/@fr\/117219707197057229","error":""},"_links":{"self":[{"href":"https:\/\/www.europesays.com\/fr\/wp-json\/wp\/v2\/posts\/1169331","targetHints":{"allow":["GET"]}}],"collection":[{"href":"https:\/\/www.europesays.com\/fr\/wp-json\/wp\/v2\/posts"}],"about":[{"href":"https:\/\/www.europesays.com\/fr\/wp-json\/wp\/v2\/types\/post"}],"author":[{"embeddable":true,"href":"https:\/\/www.europesays.com\/fr\/wp-json\/wp\/v2\/users\/2"}],"replies":[{"embeddable":true,"href":"https:\/\/www.europesays.com\/fr\/wp-json\/wp\/v2\/comments?post=1169331"}],"version-history":[{"count":0,"href":"https:\/\/www.europesays.com\/fr\/wp-json\/wp\/v2\/posts\/1169331\/revisions"}],"wp:featuredmedia":[{"embeddable":true,"href":"https:\/\/www.europesays.com\/fr\/wp-json\/wp\/v2\/media\/1169332"}],"wp:attachment":[{"href":"https:\/\/www.europesays.com\/fr\/wp-json\/wp\/v2\/media?parent=1169331"}],"wp:term":[{"taxonomy":"category","embeddable":true,"href":"https:\/\/www.europesays.com\/fr\/wp-json\/wp\/v2\/categories?post=1169331"},{"taxonomy":"post_tag","embeddable":true,"href":"https:\/\/www.europesays.com\/fr\/wp-json\/wp\/v2\/tags?post=1169331"}],"curies":[{"name":"wp","href":"https:\/\/api.w.org\/{rel}","templated":true}]}}