{"id":116934,"date":"2025-05-21T13:15:09","date_gmt":"2025-05-21T13:15:09","guid":{"rendered":"https:\/\/www.europesays.com\/fr\/116934\/"},"modified":"2025-05-21T13:15:09","modified_gmt":"2025-05-21T13:15:09","slug":"le-batiment-doit-pourvoir-7000-postes-supplementaires-par-an-jusquen-2029","status":"publish","type":"post","link":"https:\/\/www.europesays.com\/fr\/116934\/","title":{"rendered":"le b\u00e2timent doit pourvoir 7000 postes suppl\u00e9mentaires par an jusqu\u2019en 2029"},"content":{"rendered":"<p>\nEn 2024, pr\u00e8s de <strong>500 000 projets de recrutement <\/strong>ont \u00e9t\u00e9 recens\u00e9s en <strong>Ile-de-France -tous secteurs confondus- par France Travail<\/strong>. \u00ab Les employeurs ont rencontr\u00e9 des difficult\u00e9s dans plus de la moiti\u00e9 des cas \u00bb, pointe <strong>Bruno Berthet, pr\u00e9sident du Medef Ile-de-France.<\/strong> L\u2019organisation de la <strong>15\u00e8me \u00e9dition de la F\u00eate des m\u00e9tiers et de l&rsquo;alternance<\/strong>, qui ouvre ses portes ce 21 mai \u00e0<strong> Paris Montreuil Expo<\/strong>, vise ainsi \u00ab \u00e0 <strong>mettre en ad\u00e9quation les aspirations des personnes avec les d\u00e9bouch\u00e9s que proposent certains secteurs dont celui du b\u00e2timent<\/strong>, alors que de nombreux jeunes restent sans emploi -le taux de ch\u00f4mage en r\u00e9gion parisienne est sup\u00e9rieur \u00e0 7% \u00bb.<\/p>\n<p>\u00ab Malgr\u00e9 la conjoncture \u00e9conomique, les besoins du secteur en Ile-de-France pour r\u00e9pondre aux enjeux li\u00e9s aux transitions environnementale et num\u00e9rique se chiffrent \u00e0 <strong>7 000 nouvelles recrues par an sur la p\u00e9riode 2025-2029<\/strong> \u00bb, pose <strong>Bertrand Fert, pr\u00e9sident de la commission emploi et formation du Medef Ile-de-France et vice-pr\u00e9sident d\u00e9l\u00e9gu\u00e9 \u00e0 l\u2019apprentissage et \u00e0 la formation \u00e0 la FFB Grand Paris Ile-de-France.<\/strong> La r\u00e9gion compte <strong>120 000 entreprises de b\u00e2timent<\/strong> repr\u00e9sentant <strong>400 000 \u00e9quivalents temps plein<\/strong>, pour un <strong>chiffre d\u2019affaires de 40Md\u20ac<\/strong>.<br \/>\u00a0<\/p>\n<p>12 300 apprentis se forment aux m\u00e9tiers du b\u00e2timent en r\u00e9gion parisienne<\/p>\n<p>\nEv\u00e8nement libre d\u2019acc\u00e8s, la f\u00eate des m\u00e9tiers et de l\u2019alternance donne ainsi l\u2019occasion \u00e0 des <strong>\u00e9tudiants ainsi qu\u2019\u00e0 des personnes \u00e0 la recherche d\u2019un emploi ou d\u00e9sireuses de se reconvertir<\/strong> de s\u2019informer, s\u2019orienter et \u00e9changer avec des professionnels, mais aussi de trouver un stage, une alternance ou un emploi. \u00ab Pr\u00e8s de 150 partenaires (entreprises, CFA, organisations professionnelles\u2026) sont pr\u00e9sents sur place,\u00a0 avec <strong>10 000 offres \u2013stages, contrats d\u2019apprentissage- pr\u00eates \u00e0 \u00eatre sign\u00e9es<\/strong> \u00bb, annonce Bruno Berthet.<\/p>\n<p>\n\u00ab Quelque 240 000 contrats apprentissage, voies d\u2019excellence toujours largement pl\u00e9biscit\u00e9es par les entreprises, ont \u00e9t\u00e9 sign\u00e9s dans l\u2019ensemble des secteurs l\u2019an pass\u00e9 en r\u00e9gion parisienne, ce qui repr\u00e9sente pr\u00e8s du quart du total national \u00bb, d\u00e9taille-t-il.<br \/>Cette ann\u00e9e, <strong>12 300 apprentis officient dans le b\u00e2timent<\/strong>, \u00ab contre 11 800 l\u2019an pass\u00e9 et 10 800 en 2023, d\u00e9veloppe Bertrand Fert. La hausse a ralenti avec la crise du logement neuf mais demeure significative \u00bb. Un ph\u00e9nom\u00e8ne qui semble d\u00fb pour partie, malgr\u00e9 la baisse des montants, au dispositif de l\u2019<strong>aide \u00e0 l\u2019embauche d\u2019apprentis<\/strong>.<\/p>\n<p>Valoriser la modernisation et la num\u00e9risation du secteur<\/p>\n<p>\nPour le vice-pr\u00e9sident d\u00e9l\u00e9gu\u00e9 \u00e0 l\u2019apprentissage et \u00e0 la formation \u00e0 la FFB Grand Paris Ile-de-France, il s\u2019agit encore et toujours \u00ab de <strong>promouvoir nos m\u00e9tiers, \u00e0 rebours de l\u2019image vieillotte et des pr\u00e9jug\u00e9s sur le b\u00e2timent,<\/strong> en particulier li\u00e9s \u00e0 la p\u00e9nibilit\u00e9, alors que les conditions de travail se sont modernis\u00e9es, notamment avec le recours au bas carbone et la num\u00e9risation \u00bb.<\/p>\n<p>La <strong>f\u00e9minisation du secteur<\/strong> -le b\u00e2timent emploie <strong>12% de salari\u00e9s en Ile-de-France<\/strong>, dont <strong>1% en production<\/strong>&#8211; demeure un cheval de bataille pour la f\u00e9d\u00e9ration. Bertrand Fert entend aussi valoriser un <strong>ascenseur social \u00ab traditionnellement associ\u00e9 au BTP qui fonctionne toujours<\/strong> \u00bb.<\/p>\n<p>\u00ab Aujourd\u2019hui, un<strong> ouvrier qualifi\u00e9 <\/strong>gagne <strong>2 500 euros net par mois<\/strong>, et un <strong>ing\u00e9nieur travaux ou d\u2019\u00e9tudes d\u00e9butant <\/strong>peut pr\u00e9tendre \u00e0 <strong>3 000 euros nets<\/strong>, avec la perspective de prendre un poste de direction \u00e0 l\u2019horizon de cinq ans \u00bb, illustre-t-il.<\/p>\n<p>L\u2019ann\u00e9e derni\u00e8re, la F\u00eate des m\u00e9tiers et de l\u2019alternance a accueilli plus de 6 500 personnes, auxquels se sont joints 13 000 visiteurs en ligne dans le cadre de conf\u00e9rences et webinaires.<\/p>\n<p class=\"editoTitleType1 editoTitleType1--lagoon is-uppercase\">S\u00e9lectionn\u00e9 <b>pour vous<\/b><\/p>\n<p><a class=\"editoCardType21__link editoCardType21__containerImage\" href=\"https:\/\/www.lemoniteur.fr\/article\/reseaux-d-electricite-icpe-vos-textes-officiels-du-vendredi-16-mai-2025.2343330\" data-xiti-name=\"2343330\" rel=\"nofollow noopener\" target=\"_blank\"><br \/>\n<img decoding=\"async\" src=\"data:image\/gif;base64,R0lGODdhAQABAPAAAMPDwwAAACwAAAAAAQABAAACAkQBADs=\" data-original=\"\/mediatheque\/9\/0\/6\/001915609_256x170_c.jpg\" alt=\"R\u00e9seaux d'\u00e9lectricit\u00e9, ICPE... Vos textes officiels du vendredi 16 mai 2025\"\/><br \/>\n<\/a><\/p>\n","protected":false},"excerpt":{"rendered":"En 2024, pr\u00e8s de 500 000 projets de recrutement ont \u00e9t\u00e9 recens\u00e9s en Ile-de-France -tous secteurs confondus- par&hellip;\n","protected":false},"author":2,"featured_media":116935,"comment_status":"","ping_status":"","sticky":false,"template":"","format":"standard","meta":{"footnotes":""},"categories":[1592],"tags":[1111,11,4807,1777,674,23732,1011,27,662,12,626,25,7333],"class_list":{"0":"post-116934","1":"post","2":"type-post","3":"status-publish","4":"format-standard","5":"has-post-thumbnail","7":"category-ile-de-france","8":"tag-actu","9":"tag-actualites","10":"tag-batiment","11":"tag-eu","12":"tag-europe","13":"tag-formation-btp","14":"tag-fr","15":"tag-france","16":"tag-ile-de-france","17":"tag-news","18":"tag-paris","19":"tag-republique-francaise","20":"tag-vie-du-btp"},"share_on_mastodon":{"url":"https:\/\/pubeurope.com\/@fr\/114546011293533459","error":""},"_links":{"self":[{"href":"https:\/\/www.europesays.com\/fr\/wp-json\/wp\/v2\/posts\/116934","targetHints":{"allow":["GET"]}}],"collection":[{"href":"https:\/\/www.europesays.com\/fr\/wp-json\/wp\/v2\/posts"}],"about":[{"href":"https:\/\/www.europesays.com\/fr\/wp-json\/wp\/v2\/types\/post"}],"author":[{"embeddable":true,"href":"https:\/\/www.europesays.com\/fr\/wp-json\/wp\/v2\/users\/2"}],"replies":[{"embeddable":true,"href":"https:\/\/www.europesays.com\/fr\/wp-json\/wp\/v2\/comments?post=116934"}],"version-history":[{"count":0,"href":"https:\/\/www.europesays.com\/fr\/wp-json\/wp\/v2\/posts\/116934\/revisions"}],"wp:featuredmedia":[{"embeddable":true,"href":"https:\/\/www.europesays.com\/fr\/wp-json\/wp\/v2\/media\/116935"}],"wp:attachment":[{"href":"https:\/\/www.europesays.com\/fr\/wp-json\/wp\/v2\/media?parent=116934"}],"wp:term":[{"taxonomy":"category","embeddable":true,"href":"https:\/\/www.europesays.com\/fr\/wp-json\/wp\/v2\/categories?post=116934"},{"taxonomy":"post_tag","embeddable":true,"href":"https:\/\/www.europesays.com\/fr\/wp-json\/wp\/v2\/tags?post=116934"}],"curies":[{"name":"wp","href":"https:\/\/api.w.org\/{rel}","templated":true}]}}