{"id":1169341,"date":"2026-09-05T18:01:21","date_gmt":"2026-09-05T18:01:21","guid":{"rendered":"https:\/\/www.europesays.com\/fr\/1169341\/"},"modified":"2026-09-05T18:01:21","modified_gmt":"2026-09-05T18:01:21","slug":"la-classique-pyrenees-passe-son-tour-mais-veut-revenir-actualite","status":"publish","type":"post","link":"https:\/\/www.europesays.com\/fr\/1169341\/","title":{"rendered":"La Classique Pyr\u00e9n\u00e9es passe son tour mais veut revenir &#8211; Actualit\u00e9"},"content":{"rendered":"<p>C\u2019est d\u00e9sormais officiel, la Classique Pyr\u00e9n\u00e9es n\u2019aura pas lieu en 2026. Elle n\u2019a tout d\u2019abord pas pu se tenir en mai, sa date habituelle, \u201cen raison du contexte des \u00e9lections municipales\u201d \u00e0 cette p\u00e9riode. Un d\u00e9placement en juillet avait \u00e9t\u00e9 envisag\u00e9 mais l\u2019id\u00e9e a \u00e9t\u00e9 abandonn\u00e9e \u00e0 cause \u201cdes difficult\u00e9s administratives li\u00e9es \u00e0 l\u2019acc\u00e8s \u00e0 certaines routes durant la p\u00e9riode estivale\u201d, peut-on lire dans un communiqu\u00e9. <\/p>\n<p>La date du 19 septembre avait finalement \u00e9t\u00e9 retenue mais l\u2019organisation de l&rsquo;\u00e9preuve F\u00e9d\u00e9rale Juniors a fait le choix \u201cde ne pas prendre le risque de proposer une \u00e9preuve \u00e0 cette p\u00e9riode, dans un calendrier cycliste d\u00e9j\u00e0 particuli\u00e8rement dense et marqu\u00e9 par une forte concurrence entre les diff\u00e9rentes comp\u00e9titions\u201d. Elle ne souhaitait pas mettre en place une \u00e9dition \u201cpas \u00e0 la hauteur de [ses] ambitions\u201d et pr\u00e9cise qu\u2019il ne s\u2019agit pas d\u2019un abandon de la course. <\/p>\n<p>Le Comit\u00e9 Nouvelle-Aquitaine de cyclisme et le Lescar VS souhaitent organiser l\u2019\u00e9preuve en 2027 sur le parcours qui \u00e9tait pr\u00e9vu cette ann\u00e9e.\u00a0<\/p>\n<p>L\u2019\u00e9preuve a \u00e9t\u00e9 lanc\u00e9e en 2022. Elle compte \u00e0 son palmar\u00e8s Quentin Lloret, Mathis Guerinel, Jan Hernandez Reilhe et <strong><a href=\"https:\/\/www.directvelo.com\/epreuve\/46713\/classique-des-pyrenees-atlantiques-2025\" target=\"_blank\" rel=\"noopener nofollow\">Soan Ruesche<\/a><\/strong>.<\/p>\n","protected":false},"excerpt":{"rendered":"C\u2019est d\u00e9sormais officiel, la Classique Pyr\u00e9n\u00e9es n\u2019aura pas lieu en 2026. Elle n\u2019a tout d\u2019abord pas pu se&hellip;\n","protected":false},"author":2,"featured_media":1169342,"comment_status":"","ping_status":"","sticky":false,"template":"","format":"standard","meta":{"footnotes":"","_share_on_mastodon":"0"},"categories":[1411],"tags":[834,828,836,829,837,827,83,826,824,823,1154,207,814,817,815,816,822,821,832,211,839,1011,27,820,818,819,835,831,830,833,838,60,212,208,825],"class_list":["post-1169341","post","type-post","status-publish","format-standard","has-post-thumbnail","category-cyclisme","tag-attaque","tag-belgique","tag-braquet","tag-bretagne","tag-chute","tag-competition","tag-coupe-de-france","tag-coureur","tag-course-cyclisme","tag-course-cycliste","tag-cycling","tag-cyclisme","tag-direct","tag-direct-velo","tag-directvelo","tag-directvelo-com","tag-epreuve","tag-epreuve-cycliste","tag-federation-francaise-de-cyclisme","tag-ffc","tag-flandres","tag-fr","tag-france","tag-live","tag-live-course","tag-live-epreuve","tag-peloton","tag-radio-peloton","tag-radio-tour","tag-ravitaillement","tag-relance","tag-sports","tag-uci","tag-velo","tag-velos"],"share_on_mastodon":{"url":"https:\/\/pubeurope.com\/@fr\/117219746634902753","error":""},"_links":{"self":[{"href":"https:\/\/www.europesays.com\/fr\/wp-json\/wp\/v2\/posts\/1169341","targetHints":{"allow":["GET"]}}],"collection":[{"href":"https:\/\/www.europesays.com\/fr\/wp-json\/wp\/v2\/posts"}],"about":[{"href":"https:\/\/www.europesays.com\/fr\/wp-json\/wp\/v2\/types\/post"}],"author":[{"embeddable":true,"href":"https:\/\/www.europesays.com\/fr\/wp-json\/wp\/v2\/users\/2"}],"replies":[{"embeddable":true,"href":"https:\/\/www.europesays.com\/fr\/wp-json\/wp\/v2\/comments?post=1169341"}],"version-history":[{"count":0,"href":"https:\/\/www.europesays.com\/fr\/wp-json\/wp\/v2\/posts\/1169341\/revisions"}],"wp:featuredmedia":[{"embeddable":true,"href":"https:\/\/www.europesays.com\/fr\/wp-json\/wp\/v2\/media\/1169342"}],"wp:attachment":[{"href":"https:\/\/www.europesays.com\/fr\/wp-json\/wp\/v2\/media?parent=1169341"}],"wp:term":[{"taxonomy":"category","embeddable":true,"href":"https:\/\/www.europesays.com\/fr\/wp-json\/wp\/v2\/categories?post=1169341"},{"taxonomy":"post_tag","embeddable":true,"href":"https:\/\/www.europesays.com\/fr\/wp-json\/wp\/v2\/tags?post=1169341"}],"curies":[{"name":"wp","href":"https:\/\/api.w.org\/{rel}","templated":true}]}}