{"id":1169374,"date":"2026-09-05T18:23:32","date_gmt":"2026-09-05T18:23:32","guid":{"rendered":"https:\/\/www.europesays.com\/fr\/1169374\/"},"modified":"2026-09-05T18:23:32","modified_gmt":"2026-09-05T18:23:32","slug":"grand-nancy-secheresse-et-risque-denlisement-on-a-deja-secouru-trois-personnes-bloquees-dans-la-vase","status":"publish","type":"post","link":"https:\/\/www.europesays.com\/fr\/1169374\/","title":{"rendered":"Grand Nancy. S\u00e9cheresse et risque d\u2019enlisement\u00a0: \u00ab\u00a0On a d\u00e9j\u00e0 secouru trois personnes bloqu\u00e9es dans la vase \u00bb"},"content":{"rendered":"<p>La bande d\u2019asphalte s\u2019\u00e9tire sur 11\u00a0km, entre Laneuveville-devant-Nancy et Messein. Roulante, ombrag\u00e9e, un rev\u00eatement de qualit\u00e9, z\u00e9ro voiture\u2026 elle borde le canal de jonction et constitue un terrain tr\u00e8s pris\u00e9 par tout ce qui roule, marche, court ou p\u00eache.<\/p>\n<p>En temps normal, les eaux du canal, elles, sont vou\u00e9es \u00e0 la navigation de plaisance. Au gr\u00e9 de 18 \u00e9cluses agr\u00e9ment\u00e9es de zones de mouillage. Reste qu\u2019en l\u2019\u00e9tat, plus aucun bateau ne sillonne ce tron\u00e7on de nature s\u00e9rieusement mis \u00e0 mal par <a href=\"https:\/\/www.estrepublicain.fr\/environnement\/2026\/09\/02\/ete-2026-en-lorraine-quatre-graphiques-pour-visualiser-l-ampleur-de-cette-secheresse-exceptionnelle\" target=\"_blank\" rel=\"nofollow noopener\">une s\u00e9cheresse exceptionnelle<\/a>.<\/p>\n<p>Aliment\u00e9 par la Moselle<\/p>\n<p>Baisse des d\u00e9bits, d\u00e9gradation de la qualit\u00e9 de la ressource, impact industriel, mortalit\u00e9 piscicole, atteintes aux \u00e9cosyst\u00e8mes, tensions voire ruptures de&#8230;<\/p>\n","protected":false},"excerpt":{"rendered":"La bande d\u2019asphalte s\u2019\u00e9tire sur 11\u00a0km, entre Laneuveville-devant-Nancy et Messein. Roulante, ombrag\u00e9e, un rev\u00eatement de qualit\u00e9, z\u00e9ro voiture\u2026&hellip;\n","protected":false},"author":2,"featured_media":1169375,"comment_status":"","ping_status":"","sticky":false,"template":"","format":"standard","meta":{"footnotes":"","_share_on_mastodon":"0"},"categories":[9635],"tags":[119,1111,11,1687,1704,436,1777,674,274,9650,1011,27,775,9649,1702,12,4838,25,12817],"class_list":["post-1169374","post","type-post","status-publish","format-standard","has-post-thumbnail","category-nancy","tag-accident","tag-actu","tag-actualites","tag-culture-loisirs","tag-edition-nancy-et-agglomeration","tag-environnement","tag-eu","tag-europe","tag-faits-divers-justice","tag-fleville-devant-nancy","tag-fr","tag-france","tag-grand-est","tag-metropole-du-grand-nancy-54b2","tag-nancy","tag-news","tag-peche","tag-republique-francaise","tag-secheresse"],"share_on_mastodon":{"url":"https:\/\/pubeurope.com\/@fr\/117219833055491690","error":""},"_links":{"self":[{"href":"https:\/\/www.europesays.com\/fr\/wp-json\/wp\/v2\/posts\/1169374","targetHints":{"allow":["GET"]}}],"collection":[{"href":"https:\/\/www.europesays.com\/fr\/wp-json\/wp\/v2\/posts"}],"about":[{"href":"https:\/\/www.europesays.com\/fr\/wp-json\/wp\/v2\/types\/post"}],"author":[{"embeddable":true,"href":"https:\/\/www.europesays.com\/fr\/wp-json\/wp\/v2\/users\/2"}],"replies":[{"embeddable":true,"href":"https:\/\/www.europesays.com\/fr\/wp-json\/wp\/v2\/comments?post=1169374"}],"version-history":[{"count":0,"href":"https:\/\/www.europesays.com\/fr\/wp-json\/wp\/v2\/posts\/1169374\/revisions"}],"wp:featuredmedia":[{"embeddable":true,"href":"https:\/\/www.europesays.com\/fr\/wp-json\/wp\/v2\/media\/1169375"}],"wp:attachment":[{"href":"https:\/\/www.europesays.com\/fr\/wp-json\/wp\/v2\/media?parent=1169374"}],"wp:term":[{"taxonomy":"category","embeddable":true,"href":"https:\/\/www.europesays.com\/fr\/wp-json\/wp\/v2\/categories?post=1169374"},{"taxonomy":"post_tag","embeddable":true,"href":"https:\/\/www.europesays.com\/fr\/wp-json\/wp\/v2\/tags?post=1169374"}],"curies":[{"name":"wp","href":"https:\/\/api.w.org\/{rel}","templated":true}]}}