{"id":1169412,"date":"2026-09-05T18:56:21","date_gmt":"2026-09-05T18:56:21","guid":{"rendered":"https:\/\/www.europesays.com\/fr\/1169412\/"},"modified":"2026-09-05T18:56:21","modified_gmt":"2026-09-05T18:56:21","slug":"operation-de-solidarite-avec-les-etudiants-a-emmaus","status":"publish","type":"post","link":"https:\/\/www.europesays.com\/fr\/1169412\/","title":{"rendered":"Op\u00e9ration de solidarit\u00e9 avec les \u00e9tudiants \u00e0 Emma\u00fcs"},"content":{"rendered":"\n<p>C\u2019est en centaine que se chiffre le nombre d\u2019\u00e9tudiants qui viennent chez nous. Par \u00e9thique parfois, pour le dressing \u00e0 1\u00a0euro toute l\u2019ann\u00e9e, mais par n\u00e9cessit\u00e9 pour la majorit\u00e9 d\u2019entre eux\u00a0\u00bb, explique Nouara Bernou une des trois responsables d\u2019Emma\u00fcs Pointe-Rouge. Alors il est devenu une \u00e9vidence que ce mois leur serait consacr\u00e9, ce sera leur mois solidaire. \u00ab\u00a0Moiti\u00e9 prix sur la vaisselle, les meubles, les matelas&#8230;\u00a0\u00bb donne-t-elle pour exemple.<\/p>\n<p>Du c\u00f4t\u00e9 d\u2019Emma\u00fcs Saint-Marcel, la solidarit\u00e9 est identique. Maxi-remise sur les meubles, les livres, et la vaisselle. \u00ab\u00a0En plus le 1er\u00a0samedi du mois, nous organisons une vente \u00e0 th\u00e8me \u00ab\u00a0Jean et tenue militaire\u00a0\u00bb avec une sorte de vide-grenier g\u00e9ant \u00e0 tout petits prix dans la cour. Il y aura aussi des matelas neufs, des jeux de soci\u00e9t\u00e9, des petits luminaires, des rideaux, du linge de maison, des coussins&#8230; Et on esp\u00e8re aussi beaucoup d\u2019ambiance\u00a0\u00bb, lance joyeusement Hami Kahia-Tani responsable \u00e0 Saint-Marcel.<\/p>\n<p>La pr\u00e9carit\u00e9 ne cesse d\u2019augmenter et touche d\u00e9sormais de nombreuses couches sociales. \u00ab\u00a0On ne sait jamais ce qu\u2019on va trouver et l\u2019ambiance est toujours super sympa\u00a0\u00bb r\u00e9sume une jeune dame \u00e0 la Pointe-Rouge, les bras charg\u00e9s de babioles. V\u00eatements, linge de maison, ceinture, hommes, femme, enfant, le dressing \u00e0 1\u00a0euro est clairement incitatif. Le concept fripier a pris un coup de jeune, le linge est propre et en bon \u00e9tat \u00e0 prix imbattable.<\/p>\n<p> Suivre la mode\n              <\/p>\n<p>Du c\u00f4t\u00e9 de Saint-Marcel, on constate aussi une augmentation du public \u00e9tudiant. \u00ab\u00a0On les reconna\u00eet, ils arrivent vers 15h, ils ne sont jamais press\u00e9s\u00a0\u00bb, livre Elizabeth b\u00e9n\u00e9vole depuis 15\u00a0ans \u00e0 la communaut\u00e9 du 11e. Sp\u00e9cialis\u00e9e sur le rayon textile, elle ne ch\u00f4me pas pour installer au mieux la vente \u00ab\u00a0Jean et tenue militaire\u00a0\u00bb. Les rayons homme et femme sont distincts. Chaque article comporte une \u00e9tiquette en couleur avec son prix allant de 5\u00a0euros jusqu\u2019\u00e0 12\u00a0euros pour un jean enti\u00e8rement neuf. Il y a aussi des sweats, des blousons, des tee-shirt et des shorts.<\/p>\n<p>\u00ab\u00a0En fait je donne un th\u00e8me pour chaque mois. Je prends soin de trier et de ranger les plus belles pi\u00e8ces toute l\u2019ann\u00e9e en pr\u00e9vision de chaque vente\u00a0\u00bb, explique Cam\u00e9lia la responsable textile avec un sourire malicieux. Elle a mis en place tout un process qui permet un tel stock le jour venu. Hami, le responsable r\u00e9pond du tac au tac \u00ab\u00a0je l\u2019avais bien dit, nous sommes la ligue\u00a01 du textile \u00e0 Saint-Marcel\u00a0\u00bb. Cam\u00e9lia de son c\u00f4t\u00e9 continue son \u0153uvre\u00a0: \u00ab\u00a0les saisons changent, nos v\u00eatements aussi. La plus belle r\u00e9compense est de voir repartir les gens heureux\u00a0\u00bb. Il est vrai qu\u2019ici pour moins de 15\u00a0euros, on peut repartir habill\u00e9 \u00e0 la mode de pied en cap. Imbattable.<\/p>\n<p>Emma\u00fcs Pointe-Rouge.<br \/>110 Trav. Parangon, 13008. Samedi : 10h\u201313h, 15h\u201317h.<\/p>\n<p>Emma\u00fcs Saint-Marcel.<br \/>46 Bd de la Cartonnerie, 13011. Samedi : 09h\u201312h, 14h\u201318h.<\/p>\n","protected":false},"excerpt":{"rendered":"C\u2019est en centaine que se chiffre le nombre d\u2019\u00e9tudiants qui viennent chez nous. Par \u00e9thique parfois, pour le&hellip;\n","protected":false},"author":2,"featured_media":1169413,"comment_status":"","ping_status":"","sticky":false,"template":"","format":"standard","meta":{"footnotes":"","_share_on_mastodon":"0"},"categories":[2814],"tags":[1111,11,37652,1777,674,1011,27,884,12,882,25],"class_list":["post-1169412","post","type-post","status-publish","format-standard","has-post-thumbnail","category-marseille","tag-actu","tag-actualites","tag-emmaus","tag-eu","tag-europe","tag-fr","tag-france","tag-marseille","tag-news","tag-provence-alpes-cote-dazur","tag-republique-francaise"],"share_on_mastodon":{"url":"https:\/\/pubeurope.com\/@fr\/117219962878010448","error":""},"_links":{"self":[{"href":"https:\/\/www.europesays.com\/fr\/wp-json\/wp\/v2\/posts\/1169412","targetHints":{"allow":["GET"]}}],"collection":[{"href":"https:\/\/www.europesays.com\/fr\/wp-json\/wp\/v2\/posts"}],"about":[{"href":"https:\/\/www.europesays.com\/fr\/wp-json\/wp\/v2\/types\/post"}],"author":[{"embeddable":true,"href":"https:\/\/www.europesays.com\/fr\/wp-json\/wp\/v2\/users\/2"}],"replies":[{"embeddable":true,"href":"https:\/\/www.europesays.com\/fr\/wp-json\/wp\/v2\/comments?post=1169412"}],"version-history":[{"count":0,"href":"https:\/\/www.europesays.com\/fr\/wp-json\/wp\/v2\/posts\/1169412\/revisions"}],"wp:featuredmedia":[{"embeddable":true,"href":"https:\/\/www.europesays.com\/fr\/wp-json\/wp\/v2\/media\/1169413"}],"wp:attachment":[{"href":"https:\/\/www.europesays.com\/fr\/wp-json\/wp\/v2\/media?parent=1169412"}],"wp:term":[{"taxonomy":"category","embeddable":true,"href":"https:\/\/www.europesays.com\/fr\/wp-json\/wp\/v2\/categories?post=1169412"},{"taxonomy":"post_tag","embeddable":true,"href":"https:\/\/www.europesays.com\/fr\/wp-json\/wp\/v2\/tags?post=1169412"}],"curies":[{"name":"wp","href":"https:\/\/api.w.org\/{rel}","templated":true}]}}