{"id":1169414,"date":"2026-09-05T18:57:17","date_gmt":"2026-09-05T18:57:17","guid":{"rendered":"https:\/\/www.europesays.com\/fr\/1169414\/"},"modified":"2026-09-05T18:57:17","modified_gmt":"2026-09-05T18:57:17","slug":"om-le-club-prolonge-son-partenariat-avec-jul-et-son-label-dor-et-de-platine","status":"publish","type":"post","link":"https:\/\/www.europesays.com\/fr\/1169414\/","title":{"rendered":"OM : le club prolonge son partenariat avec Jul et son label \u00ab\u00a0D&rsquo;Or et de Platine\u00a0\u00bb"},"content":{"rendered":"<p>Depuis le d\u00e9but de la saison, il manquait un petit quelque chose sur la tunique olympienne. Un sponsor auquel les supporters olympiens se sont habitu\u00e9s depuis quatre saisons, et pour lequel ils ressentent un certain attachement.<\/p>\n<p>Cela est \u00e9videmment d\u00fb \u00e0 la personnalit\u00e9 derri\u00e8re la marque floqu\u00e9e sur le maillot : le rappeur Jul. <a href=\"https:\/\/www.laprovence.com\/videos\/un-rve-de-gosse-jul-va-sponsoriser-l-om-jusqu-en-fin-de-saison\/DEO4m9UUb1s?amp\" target=\"_self\" rel=\"nofollow noopener\">Depuis janvier 2023, son label \u00ab\u00a0D&rsquo;Or et de Platine\u00a0\u00bb<\/a> s&rsquo;affiche sur la manche des joueurs, mais il avait disparu depuis quelques semaines, le partenariat ayant pris fin.<\/p>\n<p>Mais bonne nouvelle pour les fans de \u00ab\u00a0l&rsquo;OVNI\u00a0\u00bb et ceux qui sont heureux de voir un enfant de Marseille s&rsquo;afficher sur l&rsquo;\u00e9toffe du club de sa ville,<a href=\"https:\/\/www.laprovence.com\/article\/om\/3036486283029614\/om-le-club-olympien-prolonge-son-partenariat-avec-le-label-de-jul-dor-et-de-platine\" target=\"_self\" rel=\"nofollow noopener\"> l&rsquo;accord entre les deux parties vient d&rsquo;\u00eatre prolong\u00e9.<\/a> L&rsquo;OM l&rsquo;a annonc\u00e9 ce samedi soir, \u00e0 la veille de la r\u00e9ception du Paris FC au V\u00e9lodrome (20h45) pour la 3e journ\u00e9e de Ligue 1. Le logo du label sera visible d\u00e8s cette rencontre, avec une nouveaut\u00e9 n\u00e9anmoins : celui-ci migre dans le dos des joueurs, juste au-dessus de leur nom.<\/p>\n<p>\u00ab\u00a0Une nouvelle mani\u00e8re d&rsquo;affirmer que JuL et son label sont toujours derri\u00e8re l&rsquo;Olympique de Marseille, au sens propre comme au figur\u00e9. Cette pr\u00e9sence sur la tunique olympienne vient ainsi symboliser la fid\u00e9lit\u00e9 et le lien particulier qui unissent l&rsquo;artiste et son label avec le club\u00a0\u00bb, explique le club dans un communiqu\u00e9, avant de poursuivre. \u00ab\u00a0L&rsquo;OM et D&rsquo;Or et de Platine poursuivront tout au long de la saison leur collaboration autour de diff\u00e9rentes activations, avec la volont\u00e9 de continuer \u00e0 faire vivre un partenariat profond\u00e9ment ancr\u00e9 dans l&rsquo;identit\u00e9 et la culture marseillaises, \u00e0 mi-chemin entre football et musique.\u00a0\u00bb<\/p>\n","protected":false},"excerpt":{"rendered":"Depuis le d\u00e9but de la saison, il manquait un petit quelque chose sur la tunique olympienne. Un sponsor&hellip;\n","protected":false},"author":2,"featured_media":1169415,"comment_status":"","ping_status":"","sticky":false,"template":"","format":"standard","meta":{"footnotes":"","_share_on_mastodon":"0"},"categories":[2814],"tags":[5734,1111,11,3396,5244,1777,674,1011,27,1279,884,12,149,2766,11852,882,25,3711],"class_list":["post-1169414","post","type-post","status-publish","format-standard","has-post-thumbnail","category-marseille","tag-5734","tag-actu","tag-actualites","tag-avec","tag-club","tag-eu","tag-europe","tag-fr","tag-france","tag-jul","tag-marseille","tag-news","tag-om","tag-partenariat","tag-prolonge","tag-provence-alpes-cote-dazur","tag-republique-francaise","tag-son"],"share_on_mastodon":{"url":"https:\/\/pubeurope.com\/@fr\/117219966801463271","error":""},"_links":{"self":[{"href":"https:\/\/www.europesays.com\/fr\/wp-json\/wp\/v2\/posts\/1169414","targetHints":{"allow":["GET"]}}],"collection":[{"href":"https:\/\/www.europesays.com\/fr\/wp-json\/wp\/v2\/posts"}],"about":[{"href":"https:\/\/www.europesays.com\/fr\/wp-json\/wp\/v2\/types\/post"}],"author":[{"embeddable":true,"href":"https:\/\/www.europesays.com\/fr\/wp-json\/wp\/v2\/users\/2"}],"replies":[{"embeddable":true,"href":"https:\/\/www.europesays.com\/fr\/wp-json\/wp\/v2\/comments?post=1169414"}],"version-history":[{"count":0,"href":"https:\/\/www.europesays.com\/fr\/wp-json\/wp\/v2\/posts\/1169414\/revisions"}],"wp:featuredmedia":[{"embeddable":true,"href":"https:\/\/www.europesays.com\/fr\/wp-json\/wp\/v2\/media\/1169415"}],"wp:attachment":[{"href":"https:\/\/www.europesays.com\/fr\/wp-json\/wp\/v2\/media?parent=1169414"}],"wp:term":[{"taxonomy":"category","embeddable":true,"href":"https:\/\/www.europesays.com\/fr\/wp-json\/wp\/v2\/categories?post=1169414"},{"taxonomy":"post_tag","embeddable":true,"href":"https:\/\/www.europesays.com\/fr\/wp-json\/wp\/v2\/tags?post=1169414"}],"curies":[{"name":"wp","href":"https:\/\/api.w.org\/{rel}","templated":true}]}}