{"id":1169435,"date":"2026-09-05T19:13:32","date_gmt":"2026-09-05T19:13:32","guid":{"rendered":"https:\/\/www.europesays.com\/fr\/1169435\/"},"modified":"2026-09-05T19:13:32","modified_gmt":"2026-09-05T19:13:32","slug":"aide-a-lukraine-immigration-au-royaume-uni-le-rn-et-bardella-sous-le-feu-des-critiques-actualites","status":"publish","type":"post","link":"https:\/\/www.europesays.com\/fr\/1169435\/","title":{"rendered":"Aide \u00e0 l&rsquo;Ukraine, immigration au Royaume-Uni: le RN et Bardella sous le feu des critiques : Actualit\u00e9s"},"content":{"rendered":"<p class=\"lead \">Entre remise en cause de l&rsquo;aide financi\u00e8re \u00e0 l&rsquo;Ukraine et signature par Jordan Bardella d&rsquo;un protocole d&rsquo;accord symbolique sur l&rsquo;immigration avec Nigel Farage, figure du Brexit, le Rassemblement national fait face \u00e0 ses contradictions sur le volet international. Ses opposants s&rsquo;engouffrent dans la br\u00e8che.<\/p>\n<p class=\"lead \">\u00ab\u00a0Cheval de Troie de la Russie\u00a0\u00bb, \u00ab\u00a0grande soumission\u00a0\u00bb, \u00ab\u00a0patriotes de pacotille\u00a0\u00bb&#8230; Les mots des candidats \u00e0 l&rsquo;\u00e9lection pr\u00e9sidentielle sont forts \u00e0 l&rsquo;encontre du parti de Marine Le Pen et M. Bardella.<\/p>\n<p class=\"lead \">Favorite des sondages pour l&rsquo;Elys\u00e9e en 2027, la candidate du parti \u00e0 la flamme et son pr\u00e9sident sont vis\u00e9s de toutes parts par leurs concurrents, apr\u00e8s deux prises de positions de leurs troupes ces derniers jours.<\/p>\n<p class=\"lead \">En premier lieu, l&rsquo;hypoth\u00e8se de voir la France \u00ab\u00a0couper le robinet\u00a0\u00bb de l&rsquo;aide \u00e0 l&rsquo;Ukraine en cas d&rsquo;arriv\u00e9e du RN au pouvoir a \u00e9t\u00e9 avanc\u00e9e par le vice-pr\u00e9sident Louis Aliot, jeudi soir.<\/p>\n<p class=\"lead \">Et vendredi, le pr\u00e9sident du parti M. Bardella est parvenu \u00e0 rassembler la quasi-totalit\u00e9 de la classe politique contre lui en paraphant en grande pompe un protocole d&rsquo;accord symbolique avec Nigel Farage, patron du parti pro-Brexit Reform UK.<\/p>\n<p class=\"lead \">Dans ce texte, qui imagine fictivement une victoire de ces deux partis alli\u00e9s, un volet pr\u00e9voit notamment&#8230; le renvoi vers la France de migrants intercept\u00e9s dans les eaux britanniques.<\/p>\n<p class=\"lead \">&#8211; Bardella pi\u00e9g\u00e9 ? &#8211;<\/p>\n<p class=\"lead \">\u00ab\u00a0A se demander si Madame Le Pen est sur la m\u00eame ligne\u00a0\u00bb, a ironis\u00e9 le candidat Horizons \u00e0 la pr\u00e9sidentielle, Edouard Philippe, alors que beaucoup d&rsquo;observateurs accusent le pr\u00e9sident du RN de s&rsquo;\u00eatre fait \u00ab\u00a0pi\u00e9ger\u00a0\u00bb \u00e0 Birmingham.<\/p>\n<p class=\"lead \">\u00ab\u00a0C&rsquo;est illustratif de leur politique \u00e9trang\u00e8re, qui est celle d&rsquo;une grande soumission \u00e0 l&rsquo;\u00e9gard d&rsquo;autres puissances\u00a0\u00bb, a tanc\u00e9 l&rsquo;autre candidat du bloc central, Gabriel Attal, en d\u00e9placement \u00e0 la braderie de Lille samedi.<\/p>\n<p class=\"lead \">Au m\u00eame endroit, l&rsquo;Insoumis Jean-Luc M\u00e9lenchon a ajout\u00e9 une banderille:  \u00ab\u00a0Comment peut-on \u00eatre aussi mis\u00e9rable? Ce n&rsquo;est pas la France qui parlait, c&rsquo;est seulement un fasciste sans r\u00e9putation\u00a0\u00bb, s&rsquo;est insurg\u00e9 le candidat LFI.<\/p>\n<p class=\"lead \">Somm\u00e9 de clarifier les choses, M. Bardella a tent\u00e9 d&rsquo;att\u00e9nuer la pol\u00e9mique: \u00ab\u00a0Le protocole ne pr\u00e9voit pas que nous laissions traverser des migrants et que ces migrants soient d\u00e9bout\u00e9s ou repouss\u00e9s sur les c\u00f4tes fran\u00e7aises. Ce protocole pr\u00e9voit l&rsquo;arr\u00eat de l&rsquo;immigration clandestine en France\u00a0\u00bb, a-t-il martel\u00e9 aupr\u00e8s de BFMTV. <\/p>\n<p class=\"lead \">Quant \u00e0 MM. Attal et Philippe, \u00ab\u00a0immigrationnistes forcen\u00e9s\u00a0\u00bb, ils n&rsquo;ont \u00ab\u00a0aucune le\u00e7on de gestion de l&rsquo;immigration \u00e0 nous donner\u00a0\u00bb, a-t-il raill\u00e9.<\/p>\n<p class=\"lead \">La proposition paraph\u00e9e par M. Bardella est tout de m\u00eame assez difficile \u00e0 justifier pour les cadres de ce parti qui a fait de la lutte contre l&rsquo;immigration clandestine un mantra. <\/p>\n<p class=\"lead \">La d\u00e9put\u00e9e RN Edwige Diaz a accus\u00e9 ses opposants \u00ab\u00a0d&rsquo;inventer des pol\u00e9miques\u00a0\u00bb, assurant sur BFMTV que les migrants seraient ramen\u00e9s en France pour \u00eatre \u00ab\u00a0plac\u00e9s en d\u00e9tention en pr\u00e9vision de leur expulsion\u00a0\u00bb. <\/p>\n<p class=\"lead \">Quant aux d\u00e9penses relatives \u00e0 ce protocole fictif, elles seront \u00ab\u00a0\u00e9quitablement r\u00e9parties\u00a0\u00bb entre Paris et Londres, a tenu \u00e0 ajouter sur France info le d\u00e9put\u00e9 du Rassemblement national Laurent Jacobelli.<\/p>\n<p class=\"lead \">Au coeur d&rsquo;une rentr\u00e9e marqu\u00e9e par plusieurs dissonances entre les deux leaders du parti, Mme Le Pen, elle, est rest\u00e9e bien silencieuse \u00e0 ce sujet, laissant son potentiel futur Premier ministre r\u00e9pondre seul \u00e0 la pol\u00e9mique.<\/p>\n<p class=\"lead \">Sur le soutien \u00e0 l&rsquo;Ukraine, M. Bardella a par ailleurs assum\u00e9 que \u00ab\u00a0dans une p\u00e9riode d&rsquo;endettement majeur\u00a0\u00bb, \u00ab\u00a0il serait profond\u00e9ment irresponsable de continuer \u00e0 octroyer de l&rsquo;argent \u00e0 des \u00c9tats \u00e9trangers sans aucune garantie\u00a0\u00bb.<\/p>\n<p class=\"lead \">&#8211; \u00ab\u00a0Son vrai visage\u00a0\u00bb &#8211;<\/p>\n<p class=\"lead \">Re\u00e7ue au Kremlin en 2017, Mme Le Pen est r\u00e9guli\u00e8rement \u00e9pingl\u00e9e par ses adversaires pour des positions jug\u00e9es conciliantes avec Moscou ainsi que pour un pr\u00eat contract\u00e9 aupr\u00e8s d&rsquo;une banque russe dans les ann\u00e9es 2010.<\/p>\n<p class=\"lead \">\u00ab\u00a0Le Rassemblement national montre son vrai visage\u00a0\u00bb, a attaqu\u00e9 la patronne des Ecologistes Marine Tondelier depuis Lille, qualifiant Mme Le Pen de \u00ab\u00a0cheval de Troie\u00a0\u00bb des \u00ab\u00a0grands ennemis de l&rsquo;Europe et de la France\u00a0\u00bb.<\/p>\n<p class=\"lead \">Le candidat \u00e0 la primaire du p\u00f4le socialiste Rapha\u00ebl Glucksmann a lui raill\u00e9 \u00ab\u00a0les patriotes de pacotille\u00a0\u00bb du RN, depuis la foire de Ch\u00e2lons-en-Champagne samedi.<\/p>\n<p class=\"lead \">Quant \u00e0 la proximit\u00e9 de M. Bardella avec l&rsquo;une des figures du Brexit M. Farage, elle renvoie le parti d&rsquo;extr\u00eame droite \u00e0 ses contradictions sur l&rsquo;Union europ\u00e9enne, alors que le RN flirtait encore jusqu&rsquo;au milieu des ann\u00e9es 2010 avec des positions eurosceptiques, sur la sortie de la zone euro voire le \u00ab\u00a0Frexit\u00a0\u00bb.<\/p>\n<p class=\"lead \">\u00ab\u00a0Je ne suis pas pour sortir de l&rsquo;Union europ\u00e9enne, je suis pour tout changer sans rien d\u00e9truire\u00a0\u00bb, a encore tent\u00e9 de clarifier M. Bardella samedi au Forum de Cernobbio, au nord de l&rsquo;Italie.<\/p>\n<p class=\"small font-weight-bold text-gray3 \"> publi\u00e9 le 5 septembre \u00e0 20h26, AFP<\/p>\n<p>                             Partager<\/p>\n","protected":false},"excerpt":{"rendered":"Entre remise en cause de l&rsquo;aide financi\u00e8re \u00e0 l&rsquo;Ukraine et signature par Jordan Bardella d&rsquo;un protocole d&rsquo;accord symbolique&hellip;\n","protected":false},"author":2,"featured_media":1169436,"comment_status":"","ping_status":"","sticky":false,"template":"","format":"standard","meta":{"footnotes":"","_share_on_mastodon":"0"},"categories":[1588],"tags":[11910,121030,11,1777,674,27,1061,2088,12,3848,316,100020,2848,473,1853,132,1778,1851,220,1850,1852],"class_list":["post-1169435","post","type-post","status-publish","format-standard","has-post-thumbnail","category-royaume-uni","tag-lections","tag-meutes","tag-actualites","tag-eu","tag-europe","tag-france","tag-immigration","tag-manifestation","tag-news","tag-partis","tag-politique","tag-prsidentielle2027","tag-rn","tag-royaume-uni","tag-royaume-uni-de-grande-bretagne-et-dirlande-du-nord","tag-russie","tag-ue","tag-uk","tag-ukraine","tag-united-kingdom","tag-united-kingdom-of-great-britain-and-northern-ireland"],"share_on_mastodon":{"url":"https:\/\/pubeurope.com\/@fr\/117220029623764185","error":""},"_links":{"self":[{"href":"https:\/\/www.europesays.com\/fr\/wp-json\/wp\/v2\/posts\/1169435","targetHints":{"allow":["GET"]}}],"collection":[{"href":"https:\/\/www.europesays.com\/fr\/wp-json\/wp\/v2\/posts"}],"about":[{"href":"https:\/\/www.europesays.com\/fr\/wp-json\/wp\/v2\/types\/post"}],"author":[{"embeddable":true,"href":"https:\/\/www.europesays.com\/fr\/wp-json\/wp\/v2\/users\/2"}],"replies":[{"embeddable":true,"href":"https:\/\/www.europesays.com\/fr\/wp-json\/wp\/v2\/comments?post=1169435"}],"version-history":[{"count":0,"href":"https:\/\/www.europesays.com\/fr\/wp-json\/wp\/v2\/posts\/1169435\/revisions"}],"wp:featuredmedia":[{"embeddable":true,"href":"https:\/\/www.europesays.com\/fr\/wp-json\/wp\/v2\/media\/1169436"}],"wp:attachment":[{"href":"https:\/\/www.europesays.com\/fr\/wp-json\/wp\/v2\/media?parent=1169435"}],"wp:term":[{"taxonomy":"category","embeddable":true,"href":"https:\/\/www.europesays.com\/fr\/wp-json\/wp\/v2\/categories?post=1169435"},{"taxonomy":"post_tag","embeddable":true,"href":"https:\/\/www.europesays.com\/fr\/wp-json\/wp\/v2\/tags?post=1169435"}],"curies":[{"name":"wp","href":"https:\/\/api.w.org\/{rel}","templated":true}]}}