{"id":1169437,"date":"2026-09-05T19:15:28","date_gmt":"2026-09-05T19:15:28","guid":{"rendered":"https:\/\/www.europesays.com\/fr\/1169437\/"},"modified":"2026-09-05T19:15:28","modified_gmt":"2026-09-05T19:15:28","slug":"la-reforme-du-systeme-de-retraite-en-allemagne-pourrait-rapporter-90-milliards-deuros-par-an-business-am","status":"publish","type":"post","link":"https:\/\/www.europesays.com\/fr\/1169437\/","title":{"rendered":"La r\u00e9forme du syst\u00e8me de retraite en Allemagne pourrait rapporter 90 milliards d&rsquo;euros par an &#8211; Business AM"},"content":{"rendered":"<p>    Lire \u00e0 voix haute<\/p>\n<p>Principaux renseignements<\/p>\n<ul class=\"wp-block-list\">\n<li><strong>L\u2019Allemagne souhaite g\u00e9n\u00e9rer chaque ann\u00e9e 90 milliards d\u2019euros de cotisations de retraite gr\u00e2ce \u00e0 une r\u00e9forme du syst\u00e8me tripartite.<\/strong><\/li>\n<li><strong>Les investissements ax\u00e9s sur le march\u00e9 remplaceront les mod\u00e8les \u00e0 faible rendement afin de stabiliser le syst\u00e8me de retraite face au vieillissement de la population.<\/strong><\/li>\n<li><strong>De nouvelles dispositions orientent le financement des retraites vers des comptes individuels, des ETF et une couverture l\u00e9gale \u00e9largie.<\/strong><\/li>\n<\/ul>\n<p class=\"wp-block-paragraph\">Selon Huw van Steenis, strat\u00e8ge chez Apollo Global Management, la transformation en profondeur du <a href=\"https:\/\/fr.businessam.be\/lallemagne-prevoit-un-investissement-massif-sur-les-marches-financiers-afin-de-proteger-les-retraites\/\" rel=\"nofollow noopener\" target=\"_blank\">cadre de retraite allemand<\/a> pourrait g\u00e9n\u00e9rer des cotisations annuelles d\u2019environ 90 milliards d\u2019euros sur l\u2019ensemble de ses trois principaux niveaux de retraite. C\u2019est ce qu\u2019indique <a href=\"https:\/\/www.bloomberg.com\/news\/articles\/2026-09-04\/german-pension-reform-may-raise-90-billion-a-year-apollo-says\" rel=\"nofollow noopener\" target=\"_blank\">Bloomberg<\/a>.<\/p>\n<p>\u00c9pargne \u00e0 long terme<\/p>\n<p class=\"wp-block-paragraph\">Un \u00e9l\u00e9ment cl\u00e9 de ce plan consiste \u00e0 affecter 2 pour cent des revenus \u00e0 l\u2019\u00e9pargne \u00e0 long terme, ce qui, selon les estimations de Van Steenis, apporterait environ 30 milliards d\u2019euros par an au syst\u00e8me public. Si l\u2019on y ajoute l\u2019augmentation des cotisations aux r\u00e9gimes professionnels et priv\u00e9s, l\u2019afflux annuel total pourrait tripler.<\/p>\n<p>Une r\u00e9orientation vers les march\u00e9s financiers<\/p>\n<p class=\"wp-block-paragraph\">Le gouvernement allemand a r\u00e9cemment mis en place ces mesures afin d\u2019inciter les citoyens \u00e0 recourir aux march\u00e9s financiers pour leurs fonds de retraite. Cette r\u00e9orientation vise \u00e0 stabiliser un syst\u00e8me actuellement mis \u00e0 rude \u00e9preuve par le vieillissement d\u00e9mographique et par une d\u00e9pendance historique \u00e0 l\u2019\u00e9gard d\u2019investissements extr\u00eamement s\u00fbrs mais \u00e0 faible rendement.<\/p>\n<p class=\"wp-block-paragraph\">Van Steenis a soulign\u00e9 que l\u2019Allemagne pr\u00e9sente le niveau de financement des retraites le plus bas parmi les principaux pays d\u00e9velopp\u00e9s, les actifs financ\u00e9s ne repr\u00e9sentant que 7 pour cent de son PIB \u2014 un contraste saisissant avec les 185 pour cent du Canada et les 149 pour cent de la Su\u00e8de. Il a not\u00e9 que la n\u00e9cessit\u00e9 de disposer de r\u00e9serves de capitaux nationaux plus importantes et l\u2019\u00e9volution des tendances d\u00e9mographiques sont les moteurs de cette r\u00e9orientation, qui devrait renforcer la profondeur des march\u00e9s financiers allemands.<\/p>\n<p>Assurer la viabilit\u00e9 \u00e0 long terme<\/p>\n<p class=\"wp-block-paragraph\">L\u2019objectif premier de cette restructuration globale est d\u2019assurer la viabilit\u00e9 \u00e0 long terme alors que le nombre de retrait\u00e9s augmente par rapport \u00e0 la population active. Le gouvernement, dirig\u00e9 par le chancelier Friedrich Merz, a l\u2019intention de fusionner le mod\u00e8le traditionnel par r\u00e9partition avec un volet obligatoire fond\u00e9 sur l\u2019investissement, calqu\u00e9 sur le syst\u00e8me su\u00e9dois. <\/p>\n<p class=\"wp-block-paragraph\">Dans le cadre de ce dispositif, tant les entreprises que les salari\u00e9s verseraient \u00e0 terme 2 pour cent suppl\u00e9mentaires de leur salaire sur des comptes individuels li\u00e9s \u00e0 la performance des march\u00e9s.<\/p>\n<p>\u00c9largissement du champ d\u2019application<\/p>\n<p class=\"wp-block-paragraph\">En outre, le projet vise \u00e0 \u00e9largir la couverture du r\u00e9gime l\u00e9gal en y int\u00e9grant des groupes tels que les nouveaux travailleurs ind\u00e9pendants et, \u00e9ventuellement, les fonctionnaires et les responsables politiques. Il supprime \u00e9galement le droit \u00e0 la retraite anticip\u00e9e pour les personnes ayant cotis\u00e9 pendant 45 ans. <\/p>\n<p class=\"wp-block-paragraph\">Par ailleurs, \u00e0 compter de janvier 2027, le gouvernement remplacera le mod\u00e8le de retraite Riester, impopulaire, par des comptes plus abordables et polyvalents permettant d\u2019investir dans des titres et des ETF. Alors que les responsables affirment que ces mesures prot\u00e8gent les g\u00e9n\u00e9rations futures du poids de l\u2019vieillissement de la population, l\u2019\u00e9volution vers une \u00e9pargne li\u00e9e au march\u00e9 et une augmentation des cotisations continue de se heurter \u00e0 une opposition politique. (fc)<\/p>\n<p class=\"wp-block-paragraph\"><a href=\"https:\/\/news.google.com\/publications\/CAowtseUCw?hl=fr&amp;gl=BE&amp;ceid=BE%3Afr\" target=\"_blank\" rel=\"nofollow noopener\">Suivez \u00e9galement Business AM sur Google Actualit\u00e9s<\/a><\/p>\n<p class=\"wp-block-paragraph\"><a href=\"https:\/\/portalfr.businessam.be\/plans\/business-am-fr-offre-dete\/\" target=\"_blank\" rel=\"nofollow noopener\">Si vous souhaitez acc\u00e9der \u00e0 tous les articles, abonnez-vous ici !<\/a><\/p>\n<p><a href=\"https:\/\/www.google.com\/preferences\/source?q=fr.businessam.be\" target=\"_blank\" rel=\"noopener noreferrer nofollow\" class=\"google-preferred-badge\"><br \/>\n    <img decoding=\"async\" src=\"https:\/\/www.europesays.com\/fr\/wp-content\/uploads\/2026\/05\/google_preferred_source_badge_dark_BAM_fr.png\" alt=\"Ajoutez fr.businessam.be en tant que source pr\u00e9f\u00e9r\u00e9e sur Google\" style=\"max-width: 50%; height: auto; border: 0; display: block; margin: 30px 0;\"\/><br \/>\n<\/a><\/p>\n","protected":false},"excerpt":{"rendered":"Lire \u00e0 voix haute Principaux renseignements L\u2019Allemagne souhaite g\u00e9n\u00e9rer chaque ann\u00e9e 90 milliards d\u2019euros de cotisations de retraite&hellip;\n","protected":false},"author":2,"featured_media":1066884,"comment_status":"","ping_status":"","sticky":false,"template":"","format":"standard","meta":{"footnotes":"","_share_on_mastodon":"0"},"categories":[1587],"tags":[11,672,1804,1805,1803,1777,674,4710,1801,12,1802,137],"class_list":["post-1169437","post","type-post","status-publish","format-standard","has-post-thumbnail","category-allemagne","tag-actualites","tag-allemagne","tag-bundesrepublik-deutschland","tag-de","tag-deutschland","tag-eu","tag-europe","tag-friedrich-merz","tag-germany","tag-news","tag-republique-federale-dallemagne","tag-retraite"],"share_on_mastodon":{"url":"https:\/\/pubeurope.com\/@fr\/117220039003765379","error":""},"_links":{"self":[{"href":"https:\/\/www.europesays.com\/fr\/wp-json\/wp\/v2\/posts\/1169437","targetHints":{"allow":["GET"]}}],"collection":[{"href":"https:\/\/www.europesays.com\/fr\/wp-json\/wp\/v2\/posts"}],"about":[{"href":"https:\/\/www.europesays.com\/fr\/wp-json\/wp\/v2\/types\/post"}],"author":[{"embeddable":true,"href":"https:\/\/www.europesays.com\/fr\/wp-json\/wp\/v2\/users\/2"}],"replies":[{"embeddable":true,"href":"https:\/\/www.europesays.com\/fr\/wp-json\/wp\/v2\/comments?post=1169437"}],"version-history":[{"count":0,"href":"https:\/\/www.europesays.com\/fr\/wp-json\/wp\/v2\/posts\/1169437\/revisions"}],"wp:featuredmedia":[{"embeddable":true,"href":"https:\/\/www.europesays.com\/fr\/wp-json\/wp\/v2\/media\/1066884"}],"wp:attachment":[{"href":"https:\/\/www.europesays.com\/fr\/wp-json\/wp\/v2\/media?parent=1169437"}],"wp:term":[{"taxonomy":"category","embeddable":true,"href":"https:\/\/www.europesays.com\/fr\/wp-json\/wp\/v2\/categories?post=1169437"},{"taxonomy":"post_tag","embeddable":true,"href":"https:\/\/www.europesays.com\/fr\/wp-json\/wp\/v2\/tags?post=1169437"}],"curies":[{"name":"wp","href":"https:\/\/api.w.org\/{rel}","templated":true}]}}