{"id":1169445,"date":"2026-09-05T19:21:26","date_gmt":"2026-09-05T19:21:26","guid":{"rendered":"https:\/\/www.europesays.com\/fr\/1169445\/"},"modified":"2026-09-05T19:21:26","modified_gmt":"2026-09-05T19:21:26","slug":"mathias-ribeiro-da-cruz-fait-tomber-le-record-de-france-de-lheure-actualite","status":"publish","type":"post","link":"https:\/\/www.europesays.com\/fr\/1169445\/","title":{"rendered":"Mathias Ribeiro da Cruz fait tomber le record de France de l&rsquo;heure &#8211; Actualit\u00e9"},"content":{"rendered":"<p style=\"text-align: justify;\">C&rsquo;\u00e9tait le grand jour pour Mathias Ribeiro da Cruz. <strong><a href=\"https:\/\/www.directvelo.com\/actualite\/129887\/mathias-ribeiro-da-cruz-ma-priorite-est-sur-la-piste-maintenant\" target=\"_blank\" rel=\"noopener nofollow\">En pr\u00e9paration depuis plusieurs mois pour ce 5 septembre<\/a><\/strong>, le soci\u00e9taire du VC Villefranche Beaujolais a r\u00e9ussi sa tentative du record de France de l&rsquo;heure, au v\u00e9lodrome de Granges, en Suisse.<\/p>\n<p style=\"text-align: justify;\">Louis Pijourlet, ancien d\u00e9tenteur de cette marque symbolique en 52,557 kilom\u00e8tres, a \u00e9t\u00e9 nettement battu par l&rsquo;ancien multiple Champion de France Amateurs de contre-la-montre. Mathias Ribeiro da Cruz a affich\u00e9 une distance de 53,973 km au terme de l&rsquo;heure.<\/p>\n","protected":false},"excerpt":{"rendered":"C&rsquo;\u00e9tait le grand jour pour Mathias Ribeiro da Cruz. En pr\u00e9paration depuis plusieurs mois pour ce 5 septembre,&hellip;\n","protected":false},"author":2,"featured_media":1169446,"comment_status":"","ping_status":"","sticky":false,"template":"","format":"standard","meta":{"footnotes":"","_share_on_mastodon":"0"},"categories":[4],"tags":[11,834,828,836,829,837,827,83,826,824,823,207,814,817,815,816,822,821,832,211,839,1011,27,820,818,819,12,835,831,830,833,838,25,212,208,825],"class_list":["post-1169445","post","type-post","status-publish","format-standard","has-post-thumbnail","category-france","tag-actualites","tag-attaque","tag-belgique","tag-braquet","tag-bretagne","tag-chute","tag-competition","tag-coupe-de-france","tag-coureur","tag-course-cyclisme","tag-course-cycliste","tag-cyclisme","tag-direct","tag-direct-velo","tag-directvelo","tag-directvelo-com","tag-epreuve","tag-epreuve-cycliste","tag-federation-francaise-de-cyclisme","tag-ffc","tag-flandres","tag-fr","tag-france","tag-live","tag-live-course","tag-live-epreuve","tag-news","tag-peloton","tag-radio-peloton","tag-radio-tour","tag-ravitaillement","tag-relance","tag-republique-francaise","tag-uci","tag-velo","tag-velos"],"share_on_mastodon":{"url":"","error":"Validation failed: Text character limit of 500 exceeded"},"_links":{"self":[{"href":"https:\/\/www.europesays.com\/fr\/wp-json\/wp\/v2\/posts\/1169445","targetHints":{"allow":["GET"]}}],"collection":[{"href":"https:\/\/www.europesays.com\/fr\/wp-json\/wp\/v2\/posts"}],"about":[{"href":"https:\/\/www.europesays.com\/fr\/wp-json\/wp\/v2\/types\/post"}],"author":[{"embeddable":true,"href":"https:\/\/www.europesays.com\/fr\/wp-json\/wp\/v2\/users\/2"}],"replies":[{"embeddable":true,"href":"https:\/\/www.europesays.com\/fr\/wp-json\/wp\/v2\/comments?post=1169445"}],"version-history":[{"count":0,"href":"https:\/\/www.europesays.com\/fr\/wp-json\/wp\/v2\/posts\/1169445\/revisions"}],"wp:featuredmedia":[{"embeddable":true,"href":"https:\/\/www.europesays.com\/fr\/wp-json\/wp\/v2\/media\/1169446"}],"wp:attachment":[{"href":"https:\/\/www.europesays.com\/fr\/wp-json\/wp\/v2\/media?parent=1169445"}],"wp:term":[{"taxonomy":"category","embeddable":true,"href":"https:\/\/www.europesays.com\/fr\/wp-json\/wp\/v2\/categories?post=1169445"},{"taxonomy":"post_tag","embeddable":true,"href":"https:\/\/www.europesays.com\/fr\/wp-json\/wp\/v2\/tags?post=1169445"}],"curies":[{"name":"wp","href":"https:\/\/api.w.org\/{rel}","templated":true}]}}