{"id":116945,"date":"2025-05-21T13:21:08","date_gmt":"2025-05-21T13:21:08","guid":{"rendered":"https:\/\/www.europesays.com\/fr\/116945\/"},"modified":"2025-05-21T13:21:08","modified_gmt":"2025-05-21T13:21:08","slug":"la-russie-reconnait-peiner-a-fournir-larmenie-en-armes-a-cause-de-la-guerre-en-ukraine","status":"publish","type":"post","link":"https:\/\/www.europesays.com\/fr\/116945\/","title":{"rendered":"La Russie reconna\u00eet peiner \u00e0 fournir l&rsquo;Arm\u00e9nie en armes \u00e0 cause de la guerre en Ukraine"},"content":{"rendered":"<p>L\u2019Arm\u00e9nie, qui d\u00e9pend de la Russie pour son effort militaire dans un contexte de conflit avec l\u2019Azerba\u00efdjan voisin, a cherch\u00e9 ces derni\u00e8res ann\u00e9es \u00e0 se tourner davantage vers les Occidentaux pour s\u2019approvisionner.<\/p>\n<p class=\"fig-paragraph\">Le chef de la diplomatie russe, Sergue\u00ef Lavrov, a affirm\u00e9 ce mercredi que la Russie est confront\u00e9e \u00e0 des difficult\u00e9s pour fournir en armements\u00a0<a href=\"http:\/\/www.lefigaro.fr\/accord-de-paix-l-azerbaidjan-presse-l-armenie-d-accepter-ses-demandes-avant-toute-signature-20250402\" data-fig-type=\"NewsFlash\" data-gtm-custom-categorie=\"navigation\" data-gtm-custom-action=\"crossclick\" data-gtm-custom-label=\"Contextuel\" data-gtm-event=\"customEventSPE\" data-fig-domain=\"LEFIGARO\" target=\"_blank\" rel=\"noopener\">l&rsquo;Arm\u00e9nie<\/a>, son alli\u00e9e du\u00a0<a href=\"http:\/\/www.lefigaro.fr\/international\/ce-que-nous-voulons-c-est-la-paix-et-la-stabilite-au-daguestan-la-memoire-a-vif-des-derniers-juifs-du-caucase-20241102\" data-fig-type=\"Article\" data-gtm-custom-categorie=\"navigation\" data-gtm-custom-action=\"crossclick\" data-gtm-custom-label=\"Contextuel\" data-gtm-event=\"customEventSPE\" data-fig-domain=\"LEFIGARO\" target=\"_blank\" rel=\"noopener\">Caucase<\/a>, en raison de son offensive en Ukraine. L&rsquo;Arm\u00e9nie, qui d\u00e9pend de la Russie pour son effort militaire dans un contexte de rivalit\u00e9 avec\u00a0<a href=\"http:\/\/www.lefigaro.fr\/international\/ils-seront-condamnes-probablement-a-vie-la-grande-peur-des-familles-de-prisonniers-armeniens-en-azerbaidjan-20250424\" data-fig-type=\"Article\" data-gtm-custom-categorie=\"navigation\" data-gtm-custom-action=\"crossclick\" data-gtm-custom-label=\"Contextuel\" data-gtm-event=\"customEventSPE\" data-fig-domain=\"LEFIGARO\" target=\"_blank\" rel=\"noopener\">l&rsquo;Azerba\u00efdjan<\/a>\u00a0voisin, a cherch\u00e9 ces derni\u00e8res ann\u00e9es \u00e0 se tourner davantage vers les Occidentaux, en particulier la France, pour s&rsquo;approvisionner.<\/p>\n<p class=\"fig-paragraph\">Lors d&rsquo;une conf\u00e9rence de presse \u00e0 Erevan aux c\u00f4t\u00e9s de son homologue arm\u00e9nien Ararat Mirzoyan, Sergue\u00ef Lavrov a reconnu que certains contrats d&rsquo;armement avaient \u00e9t\u00e9 retard\u00e9s ou r\u00e9affect\u00e9s en raison de l&rsquo;offensive russe de grande ampleur en Ukraine. \u00abNous sommes actuellement dans une situation o\u00f9, comme cela s&rsquo;est produit tout au long de l&rsquo;histoire, nous sommes contraints de lutter contre toute l&rsquo;Europe\u00bb, a assur\u00e9 le ministre russe.<\/p>\n<p class=\"fig-body-link\">\n            \u00c0 lire aussi<br \/>\n        <a class=\"fig-body-link__link fig-premium-mark\" href=\"http:\/\/www.lefigaro.fr\/international\/sylvain-tesson-en-armenie-rester-c-est-combattre-20250131\" data-fig-type=\"Article\" data-gtm-custom-categorie=\"navigation\" data-gtm-custom-action=\"crossclick\" data-gtm-custom-label=\"Contextuel\" data-gtm-event=\"customEventSPE\" data-fig-domain=\"LEFIGARO\" target=\"_blank\" rel=\"noopener\">Sylvain Tesson\u00a0: \u00abEn Arm\u00e9nie, rester, c\u2019est combattre\u00bb<br \/>\n    <\/a>\n<\/p>\n<p>Critique de l\u2019approvisionnement arm\u00e9nien chez les Occidentaux<\/p>\n<p class=\"fig-paragraph\">\u00abNos amis arm\u00e9niens comprennent que dans de telles conditions, nous ne pouvons pas remplir toutes nos obligations dans les d\u00e9lais\u00bb, a-t-il ajout\u00e9. Sergue\u00ef Lavrov a aussi critiqu\u00e9 la volont\u00e9 de l&rsquo;Arm\u00e9nie de s&rsquo;approvisionner chez les Occidentaux, tout en assurant que Moscou ne s&rsquo;y opposerait pas. \u00abLorsqu&rsquo;un alli\u00e9 se tourne vers un pays comme la France, qui m\u00e8ne le camp hostile et dont le pr\u00e9sident et les ministres expriment ouvertement leur haine envers la Russie, cela soul\u00e8ve des questions\u00bb, a-t-il relev\u00e9.<\/p>\n<p class=\"fig-paragraph\">Les relations entre Moscou et\u00a0<a href=\"http:\/\/www.lefigaro.fr\/international\/armenie-azerbaidjan-un-accord-de-paix-proche-mais-pas-encore-acquis-selon-erevan-20250131\" data-fig-type=\"NewsFlash\" data-gtm-custom-categorie=\"navigation\" data-gtm-custom-action=\"crossclick\" data-gtm-custom-label=\"Contextuel\" data-gtm-event=\"customEventSPE\" data-fig-domain=\"LEFIGARO\" target=\"_blank\" rel=\"noopener\">Erevan\u00a0<\/a>traversent une p\u00e9riode de tensions depuis la reprise, par la force militaire, de l&rsquo;enclave contest\u00e9e du Karabakh par l&rsquo;Azerba\u00efdjan en 2023, qui \u00e9tait contr\u00f4l\u00e9e par des s\u00e9paratistes arm\u00e9niens depuis les ann\u00e9es 1990. L&rsquo;Arm\u00e9nie a notamment gel\u00e9 sa participation \u00e0 l&rsquo;Organisation du trait\u00e9 de s\u00e9curit\u00e9 collective (OTSC), une alliance militaire entre anciens pays sovi\u00e9tiques chapeaut\u00e9e par la Russie.<\/p>\n","protected":false},"excerpt":{"rendered":"L\u2019Arm\u00e9nie, qui d\u00e9pend de la Russie pour son effort militaire dans un contexte de conflit avec l\u2019Azerba\u00efdjan voisin,&hellip;\n","protected":false},"author":2,"featured_media":116946,"comment_status":"","ping_status":"","sticky":false,"template":"","format":"standard","meta":{"footnotes":""},"categories":[1591],"tags":[259,11,260,5950,6376,1887,131,14,261,12,262,1885,1886,132],"class_list":{"0":"post-116945","1":"post","2":"type-post","3":"status-publish","4":"format-standard","5":"has-post-thumbnail","7":"category-russie","8":"tag-actualite-internationale","9":"tag-actualites","10":"tag-affaires-etrangeres","11":"tag-armenie","12":"tag-armes","13":"tag-federation-de-russie","14":"tag-guerre-en-ukraine","15":"tag-international","16":"tag-ministere-des-affaires-etrangeres","17":"tag-news","18":"tag-politique-etrangere","19":"tag-russia","20":"tag-russian-federation","21":"tag-russie"},"share_on_mastodon":{"url":"https:\/\/pubeurope.com\/@fr\/114546034895267745","error":""},"_links":{"self":[{"href":"https:\/\/www.europesays.com\/fr\/wp-json\/wp\/v2\/posts\/116945","targetHints":{"allow":["GET"]}}],"collection":[{"href":"https:\/\/www.europesays.com\/fr\/wp-json\/wp\/v2\/posts"}],"about":[{"href":"https:\/\/www.europesays.com\/fr\/wp-json\/wp\/v2\/types\/post"}],"author":[{"embeddable":true,"href":"https:\/\/www.europesays.com\/fr\/wp-json\/wp\/v2\/users\/2"}],"replies":[{"embeddable":true,"href":"https:\/\/www.europesays.com\/fr\/wp-json\/wp\/v2\/comments?post=116945"}],"version-history":[{"count":0,"href":"https:\/\/www.europesays.com\/fr\/wp-json\/wp\/v2\/posts\/116945\/revisions"}],"wp:featuredmedia":[{"embeddable":true,"href":"https:\/\/www.europesays.com\/fr\/wp-json\/wp\/v2\/media\/116946"}],"wp:attachment":[{"href":"https:\/\/www.europesays.com\/fr\/wp-json\/wp\/v2\/media?parent=116945"}],"wp:term":[{"taxonomy":"category","embeddable":true,"href":"https:\/\/www.europesays.com\/fr\/wp-json\/wp\/v2\/categories?post=116945"},{"taxonomy":"post_tag","embeddable":true,"href":"https:\/\/www.europesays.com\/fr\/wp-json\/wp\/v2\/tags?post=116945"}],"curies":[{"name":"wp","href":"https:\/\/api.w.org\/{rel}","templated":true}]}}