{"id":1169472,"date":"2026-09-05T19:42:16","date_gmt":"2026-09-05T19:42:16","guid":{"rendered":"https:\/\/www.europesays.com\/fr\/1169472\/"},"modified":"2026-09-05T19:42:16","modified_gmt":"2026-09-05T19:42:16","slug":"nintendo-switch-2-le-nouveau-modele-europeen-se-devoile-avec-sa-batterie-remplacable-de-5-172-mah","status":"publish","type":"post","link":"https:\/\/www.europesays.com\/fr\/1169472\/","title":{"rendered":"Nintendo Switch 2 : le nouveau mod\u00e8le europ\u00e9en se d\u00e9voile avec sa batterie rempla\u00e7able de 5 172 mAh"},"content":{"rendered":"<p>La <strong>Nintendo Switch 2<\/strong> va conna\u00eetre en Europe sa premi\u00e8re vraie r\u00e9vision mat\u00e9rielle : un mod\u00e8le dot\u00e9 d&rsquo;une batterie rempla\u00e7able par l&rsquo;utilisateur de 5 172 mAh. Une \u00e9volution discr\u00e8te en apparence, mais qui change tout pour la r\u00e9parabilit\u00e9 de la console hybride.<\/p>\n<p><a href=\"https:\/\/www.lacremedugaming.fr\/consoles\/nintendo\/nintendo-switch\/nintendo-confirme-un-nouveau-modele-de-switch-2-en-europe-avec-batterie-remplacable-216099.html\" rel=\"nofollow noopener\" target=\"_blank\">Ce mod\u00e8le<\/a>, r\u00e9serv\u00e9 au territoire de <strong>Nintendo of Europe<\/strong> dont fait partie la France, r\u00e9pond au <strong>R\u00e8glement (UE) 2023\/1542<\/strong> sur les batteries. Avant l&rsquo;\u00e9ch\u00e9ance de 2027, Nintendo ajuste donc sa Switch 2, mais sans toucher aux performances ni au gameplay, ce qui intrigue forc\u00e9ment les joueurs.<\/p>\n<p> Nintendo Switch 2 batterie rempla\u00e7able : que change vraiment la version europ\u00e9enne 5 172 mAh ? <\/p>\n<p>La nouvelle batterie lithium ion passe de 5 220 \u00e0 <strong>5 172 mAh<\/strong>, soit environ 1 % de moins, une diff\u00e9rence imperceptible sur l&rsquo;autonomie r\u00e9elle. En revanche, la console prend quelques grammes : environ 411 g seule et 548 g avec les <strong>Joy Con 2<\/strong>, contre 401 et 534 g pour le mod\u00e8le classique.<\/p>\n<p>Le gros du travail se voit \u00e0 l&rsquo;int\u00e9rieur. Comme l&rsquo;a montr\u00e9 Notebookcheck dans une vid\u00e9o relay\u00e9e par Nintenduo, les vis sont d\u00e9sormais de simples cruciformes Philips, non dissimul\u00e9es sous des stickers. Une fois le capot arri\u00e8re retir\u00e9, la batterie appara\u00eet imm\u00e9diatement, sans blindage m\u00e9tallique ni mousse, avec une fl\u00e8che indiquant o\u00f9 la soulever.<\/p>\n<p>  R\u00e9parabilit\u00e9, loi europ\u00e9enne, accessoires : quels b\u00e9n\u00e9fices concrets pour les joueurs Switch 2 ? <\/p>\n<p>L&rsquo;ancienne Switch 2 avait obtenu un score de r\u00e9parabilit\u00e9 de 3 sur 10 chez <strong>iFixit<\/strong>, notamment \u00e0 cause d&rsquo;une batterie coll\u00e9e et difficile d&rsquo;acc\u00e8s. L&rsquo;article 11 du <strong>R\u00e8glement (UE) 2023\/1542<\/strong> impose des batteries \u00ab\u00a0facilement retirable et rempla\u00e7able\u00a0\u00bb avec des outils courants, sans colle ni solvants, ce que vise pr\u00e9cis\u00e9ment cette r\u00e9vision europ\u00e9enne.<\/p>\n<p>Attention toutefois : \u00ab\u00a0rempla\u00e7able\u00a0\u00bb ne signifie pas \u00ab\u00a0amovible\u00a0\u00bb comme sur les anciens t\u00e9l\u00e9phones, il faudra toujours un tournevis. <strong>Nintendo Store Europe<\/strong> proposera des kits officiels batterie plus outils et un guide d\u00e9taill\u00e9, \u00e0 suivre pour pr\u00e9server la garantie. Les <strong>Joy Con 2<\/strong> adoptent aussi des batteries rempla\u00e7ables \u00e0 capacit\u00e9 identique, tandis que la <strong>manette Nintendo Switch 2 Pro Controller<\/strong> descend de 1 070 \u00e0 897 mAh, environ 16 % de moins.<\/p>\n<p> Quand sort cette Switch 2 V2 en France et comment \u00eatre s\u00fbr de prendre le bon mod\u00e8le ? <\/p>\n<p><strong>Nintendo of Europe<\/strong> pr\u00e9voit de lancer les accessoires r\u00e9vis\u00e9s \u00e0 partir de l&rsquo;\u00e9t\u00e9 2026, puis la <strong>Nintendo Switch 2<\/strong> \u00e0 batterie rempla\u00e7able \u00e0 l&rsquo;automne 2026. Dans la foul\u00e9e, <a href=\"https:\/\/www.lacremedugaming.fr\/consoles\/nintendo\/nintendo-switch\/nintendo-switch-la-fin-dune-ere-confirmee-la-console-culte-va-bientot-disparaitre-219152.html\" rel=\"nofollow noopener\" target=\"_blank\">les livraisons de Nintendo Switch, Switch Lite et Switch Mod\u00e8le OLED cesseront en Europe<\/a> autour de mi f\u00e9vrier 2027, afin de respecter les nouvelles r\u00e8gles sur les batteries. Pour l&rsquo;instant, ce mod\u00e8le n&rsquo;est pas annonc\u00e9 hors du march\u00e9 europ\u00e9en.<\/p>\n<p>En magasin, le d\u00e9tail d\u00e9cisif sera un code \u00ab\u00a0OSM\u00a0\u00bb sur la bo\u00eete, qui remplacera les r\u00e9f\u00e9rences actuelles \u00ab\u00a0BEE\u00a0\u00bb des Switch 2 non r\u00e9vis\u00e9es. Sur le Nintendo Store, la bascule se fera automatiquement au fil des stocks, sans choix possible pour l&rsquo;acheteur. Reste \u00e0 chacun de d\u00e9cider s&rsquo;il vaut mieux patienter pour cette Switch 2 plus durable, ou profiter tout de suite de la g\u00e9n\u00e9ration actuelle.<\/p>\n","protected":false},"excerpt":{"rendered":"La Nintendo Switch 2 va conna\u00eetre en Europe sa premi\u00e8re vraie r\u00e9vision mat\u00e9rielle : un mod\u00e8le dot\u00e9 d&rsquo;une&hellip;\n","protected":false},"author":2,"featured_media":1169473,"comment_status":"","ping_status":"","sticky":false,"template":"","format":"standard","meta":{"footnotes":"","_share_on_mastodon":"0"},"categories":[7],"tags":[1011,27,43,40,41,39,42,44,729],"class_list":["post-1169472","post","type-post","status-publish","format-standard","has-post-thumbnail","category-sciences-et-technologies","tag-fr","tag-france","tag-science","tag-science-and-technology","tag-sciences","tag-sciences-et-technologies","tag-technologies","tag-technology","tag-yout_video"],"share_on_mastodon":{"url":"https:\/\/pubeurope.com\/@fr\/117220143617965893","error":""},"_links":{"self":[{"href":"https:\/\/www.europesays.com\/fr\/wp-json\/wp\/v2\/posts\/1169472","targetHints":{"allow":["GET"]}}],"collection":[{"href":"https:\/\/www.europesays.com\/fr\/wp-json\/wp\/v2\/posts"}],"about":[{"href":"https:\/\/www.europesays.com\/fr\/wp-json\/wp\/v2\/types\/post"}],"author":[{"embeddable":true,"href":"https:\/\/www.europesays.com\/fr\/wp-json\/wp\/v2\/users\/2"}],"replies":[{"embeddable":true,"href":"https:\/\/www.europesays.com\/fr\/wp-json\/wp\/v2\/comments?post=1169472"}],"version-history":[{"count":0,"href":"https:\/\/www.europesays.com\/fr\/wp-json\/wp\/v2\/posts\/1169472\/revisions"}],"wp:featuredmedia":[{"embeddable":true,"href":"https:\/\/www.europesays.com\/fr\/wp-json\/wp\/v2\/media\/1169473"}],"wp:attachment":[{"href":"https:\/\/www.europesays.com\/fr\/wp-json\/wp\/v2\/media?parent=1169472"}],"wp:term":[{"taxonomy":"category","embeddable":true,"href":"https:\/\/www.europesays.com\/fr\/wp-json\/wp\/v2\/categories?post=1169472"},{"taxonomy":"post_tag","embeddable":true,"href":"https:\/\/www.europesays.com\/fr\/wp-json\/wp\/v2\/tags?post=1169472"}],"curies":[{"name":"wp","href":"https:\/\/api.w.org\/{rel}","templated":true}]}}