{"id":1169482,"date":"2026-09-05T19:48:15","date_gmt":"2026-09-05T19:48:15","guid":{"rendered":"https:\/\/www.europesays.com\/fr\/1169482\/"},"modified":"2026-09-05T19:48:15","modified_gmt":"2026-09-05T19:48:15","slug":"saint-genest-lerpt-la-boulangerie-le-coin-des-gourmands-soffre-une-refonte-totale","status":"publish","type":"post","link":"https:\/\/www.europesays.com\/fr\/1169482\/","title":{"rendered":"Saint-Genest-Lerpt. La boulangerie le Coin des gourmands s\u2019offre une refonte totale"},"content":{"rendered":"<p>La boulangerie-p\u00e2tisserie le Coin des gourmands (pour les vieux Lerptiens, l\u2019ex-boulangerie Grangette) pr\u00e9pare sa m\u00e9tamorphose, car il s\u2019agit bien d\u2019une m\u00e9tamorphose. En effet, Michael Fourbon (v\u00e9ritable aptonyme) vient de louer les locaux qu\u2019occupait, il y a encore quelques ann\u00e9es, la pharmacie, une extension de 100\u00a0m2.<\/p>\n<p>\u00c0 partir de ce nouvel espace, toutes les activit\u00e9s de production et de vente ont \u00e9t\u00e9 repens\u00e9es. Dans les locaux de l\u2019ancienne pharmacie sera implant\u00e9 le nouveau commerce de&#8230;<\/p>\n","protected":false},"excerpt":{"rendered":"La boulangerie-p\u00e2tisserie le Coin des gourmands (pour les vieux Lerptiens, l\u2019ex-boulangerie Grangette) pr\u00e9pare sa m\u00e9tamorphose, car il s\u2019agit&hellip;\n","protected":false},"author":2,"featured_media":1169483,"comment_status":"","ping_status":"","sticky":false,"template":"","format":"standard","meta":{"footnotes":"","_share_on_mastodon":"0"},"categories":[9653],"tags":[1111,11,2430,4406,33,7539,1777,674,1011,27,12,25,12491,4001,17929],"class_list":["post-1169482","post","type-post","status-publish","format-standard","has-post-thumbnail","category-saint-etienne","tag-actu","tag-actualites","tag-auvergne-rhone-alpes","tag-commerce-et-services","tag-economie","tag-edition-loire-sud","tag-eu","tag-europe","tag-fr","tag-france","tag-news","tag-republique-francaise","tag-roche-la-moliere-bassin","tag-saint-etienne","tag-saint-genest-lerpt"],"share_on_mastodon":{"url":"https:\/\/pubeurope.com\/@fr\/117220167131975400","error":""},"_links":{"self":[{"href":"https:\/\/www.europesays.com\/fr\/wp-json\/wp\/v2\/posts\/1169482","targetHints":{"allow":["GET"]}}],"collection":[{"href":"https:\/\/www.europesays.com\/fr\/wp-json\/wp\/v2\/posts"}],"about":[{"href":"https:\/\/www.europesays.com\/fr\/wp-json\/wp\/v2\/types\/post"}],"author":[{"embeddable":true,"href":"https:\/\/www.europesays.com\/fr\/wp-json\/wp\/v2\/users\/2"}],"replies":[{"embeddable":true,"href":"https:\/\/www.europesays.com\/fr\/wp-json\/wp\/v2\/comments?post=1169482"}],"version-history":[{"count":0,"href":"https:\/\/www.europesays.com\/fr\/wp-json\/wp\/v2\/posts\/1169482\/revisions"}],"wp:featuredmedia":[{"embeddable":true,"href":"https:\/\/www.europesays.com\/fr\/wp-json\/wp\/v2\/media\/1169483"}],"wp:attachment":[{"href":"https:\/\/www.europesays.com\/fr\/wp-json\/wp\/v2\/media?parent=1169482"}],"wp:term":[{"taxonomy":"category","embeddable":true,"href":"https:\/\/www.europesays.com\/fr\/wp-json\/wp\/v2\/categories?post=1169482"},{"taxonomy":"post_tag","embeddable":true,"href":"https:\/\/www.europesays.com\/fr\/wp-json\/wp\/v2\/tags?post=1169482"}],"curies":[{"name":"wp","href":"https:\/\/api.w.org\/{rel}","templated":true}]}}